{"id":80827,"date":"2019-01-11T09:44:25","date_gmt":"2019-01-11T12:44:25","guid":{"rendered":"http:\/\/www.caririemacao.com\/1\/?p=80827"},"modified":"2019-01-11T09:49:27","modified_gmt":"2019-01-11T12:49:27","slug":"prefeitura-divulga-programacao-oficial-dos-58-anos-da-cidade-de-ouro-velho","status":"publish","type":"post","link":"https:\/\/www.caririemacao.com\/1\/2019\/01\/11\/prefeitura-divulga-programacao-oficial-dos-58-anos-da-cidade-de-ouro-velho\/","title":{"rendered":"Prefeitura divulga programa\u00e7\u00e3o oficial dos 58 anos da cidade de Ouro Velho"},"content":{"rendered":"<p>A cidade de Ouro Velho est\u00e1 completando nessa pr\u00f3xima ter\u00e7a-feira, dia 15 de Janeiro, 58 anos de nossa Emancipa\u00e7\u00e3o Pol\u00edtica. E para comemorar, a Prefeitura de Ouro Velho preparou umas vasta programa\u00e7\u00e3o. Confira abaixo:<\/p>\n<p><strong>PROGRAMA\u00c7\u00c3O <\/strong><\/p>\n<p>05:00hs &#8211; Alvorada com banda marcial<\/p>\n<p>08:00hs &#8211; Coffee Break na sede do Poder Executivo<\/p>\n<p>16:30hs &#8211; Missa solene na igreja N. Sra. das Gra\u00e7as<\/p>\n<p>20:30hs &#8211; Inaugura\u00e7\u00e3o do Centro Hist\u00f3rico da cidade<\/p>\n<p>22:00hs &#8211; Show com as bandas BRASAS DO FORR\u00d3 e HARRY ESTIGADO.<\/p>\n<p><img fetchpriority=\"high\" decoding=\"async\" class=\"wp-image-43402 size-full\" src=\"http:\/\/www.caririemacao.com\/1\/wp-content\/uploads\/2018\/03\/26730796_1164830923652929_8971589354534246951_n.jpg\" alt=\"Nat\u00e1lia ouro Velho\" width=\"960\" height=\"640\" srcset=\"https:\/\/www.caririemacao.com\/1\/wp-content\/uploads\/2018\/03\/26730796_1164830923652929_8971589354534246951_n.jpg 960w, https:\/\/www.caririemacao.com\/1\/wp-content\/uploads\/2018\/03\/26730796_1164830923652929_8971589354534246951_n-300x200.jpg 300w, https:\/\/www.caririemacao.com\/1\/wp-content\/uploads\/2018\/03\/26730796_1164830923652929_8971589354534246951_n-768x512.jpg 768w\" sizes=\"(max-width: 960px) 100vw, 960px\" \/><\/p>\n<p><span style=\"font-size: 16px;\">Para a prefeita Nat\u00e1lia, esta data hist\u00f3rica vem enaltecer a conquista de um povo que sempre lutou por sua independ\u00eancia.<\/span><\/p>\n","protected":false},"excerpt":{"rendered":"<p>A cidade de Ouro Velho est\u00e1 completando nessa pr\u00f3xima ter\u00e7a-feira, dia 15 de Janeiro, 58 anos de nossa Emancipa\u00e7\u00e3o Pol\u00edtica. E para comemorar, a Prefeitura&hellip; <\/p>\n","protected":false},"author":2,"featured_media":44178,"comment_status":"closed","ping_status":"closed","sticky":false,"template":"","format":"standard","meta":{"sfsi_plus_gutenberg_text_before_share":"","sfsi_plus_gutenberg_show_text_before_share":"","sfsi_plus_gutenberg_icon_type":"","sfsi_plus_gutenberg_icon_alignemt":"","sfsi_plus_gutenburg_max_per_row":"","footnotes":""},"categories":[6],"tags":[],"class_list":["post-80827","post","type-post","status-publish","format-standard","has-post-thumbnail","hentry","category-cidades"],"_links":{"self":[{"href":"https:\/\/www.caririemacao.com\/1\/wp-json\/wp\/v2\/posts\/80827","targetHints":{"allow":["GET"]}}],"collection":[{"href":"https:\/\/www.caririemacao.com\/1\/wp-json\/wp\/v2\/posts"}],"about":[{"href":"https:\/\/www.caririemacao.com\/1\/wp-json\/wp\/v2\/types\/post"}],"author":[{"embeddable":true,"href":"https:\/\/www.caririemacao.com\/1\/wp-json\/wp\/v2\/users\/2"}],"replies":[{"embeddable":true,"href":"https:\/\/www.caririemacao.com\/1\/wp-json\/wp\/v2\/comments?post=80827"}],"version-history":[{"count":2,"href":"https:\/\/www.caririemacao.com\/1\/wp-json\/wp\/v2\/posts\/80827\/revisions"}],"predecessor-version":[{"id":80829,"href":"https:\/\/www.caririemacao.com\/1\/wp-json\/wp\/v2\/posts\/80827\/revisions\/80829"}],"wp:featuredmedia":[{"embeddable":true,"href":"https:\/\/www.caririemacao.com\/1\/wp-json\/wp\/v2\/media\/44178"}],"wp:attachment":[{"href":"https:\/\/www.caririemacao.com\/1\/wp-json\/wp\/v2\/media?parent=80827"}],"wp:term":[{"taxonomy":"category","embeddable":true,"href":"https:\/\/www.caririemacao.com\/1\/wp-json\/wp\/v2\/categories?post=80827"},{"taxonomy":"post_tag","embeddable":true,"href":"https:\/\/www.caririemacao.com\/1\/wp-json\/wp\/v2\/tags?post=80827"}],"curies":[{"name":"wp","href":"https:\/\/api.w.org\/{rel}","templated":true}]}}