{"id":80830,"date":"2019-01-11T10:29:51","date_gmt":"2019-01-11T13:29:51","guid":{"rendered":"http:\/\/www.caririemacao.com\/1\/?p=80830"},"modified":"2019-01-11T10:29:51","modified_gmt":"2019-01-11T13:29:51","slug":"bomba-no-tce-pb","status":"publish","type":"post","link":"https:\/\/www.caririemacao.com\/1\/2019\/01\/11\/bomba-no-tce-pb\/","title":{"rendered":"Bomba no TCE\/PB"},"content":{"rendered":"<p>O presidente da C\u00e2mara de Sum\u00e9, vereador Le\u00f4nidas Albino (Bomba) esteve nesta quarta-feira (09), no Tribunal de Contas da Para\u00edba realizando o cadastramento como gestor do Poder Legislativo Municipal.<\/p>\n<p><img fetchpriority=\"high\" decoding=\"async\" class=\"alignnone wp-image-80831 size-large\" src=\"http:\/\/www.caririemacao.com\/1\/wp-content\/uploads\/2019\/01\/WhatsApp-Image-2019-01-10-at-15.19.06-1-e1547213097826-1024x689.jpeg\" alt=\"\" width=\"800\" height=\"538\" srcset=\"https:\/\/www.caririemacao.com\/1\/wp-content\/uploads\/2019\/01\/WhatsApp-Image-2019-01-10-at-15.19.06-1-e1547213097826-1024x689.jpeg 1024w, https:\/\/www.caririemacao.com\/1\/wp-content\/uploads\/2019\/01\/WhatsApp-Image-2019-01-10-at-15.19.06-1-e1547213097826-300x202.jpeg 300w, https:\/\/www.caririemacao.com\/1\/wp-content\/uploads\/2019\/01\/WhatsApp-Image-2019-01-10-at-15.19.06-1-e1547213097826-768x517.jpeg 768w, https:\/\/www.caririemacao.com\/1\/wp-content\/uploads\/2019\/01\/WhatsApp-Image-2019-01-10-at-15.19.06-1-e1547213097826.jpeg 1273w\" sizes=\"(max-width: 800px) 100vw, 800px\" \/><\/p>\n<p>De acordo com o presidente, o cadastramento objetiva o acesso ao Sistema Eletr\u00f4nico de Tramita\u00e7\u00e3o de Processo (Tramita) e demais aplicativos do Portal do Gestor como a transpar\u00eancia dos gastos da C\u00e2mara de Sum\u00e9.<\/p>\n","protected":false},"excerpt":{"rendered":"<p>O presidente da C\u00e2mara de Sum\u00e9, vereador Le\u00f4nidas Albino (Bomba) esteve nesta quarta-feira (09), no Tribunal de Contas da Para\u00edba realizando o cadastramento como gestor&hellip; <\/p>\n","protected":false},"author":2,"featured_media":80832,"comment_status":"closed","ping_status":"closed","sticky":false,"template":"","format":"standard","meta":{"sfsi_plus_gutenberg_text_before_share":"","sfsi_plus_gutenberg_show_text_before_share":"","sfsi_plus_gutenberg_icon_type":"","sfsi_plus_gutenberg_icon_alignemt":"","sfsi_plus_gutenburg_max_per_row":"","footnotes":""},"categories":[11],"tags":[],"class_list":["post-80830","post","type-post","status-publish","format-standard","has-post-thumbnail","hentry","category-politica"],"_links":{"self":[{"href":"https:\/\/www.caririemacao.com\/1\/wp-json\/wp\/v2\/posts\/80830","targetHints":{"allow":["GET"]}}],"collection":[{"href":"https:\/\/www.caririemacao.com\/1\/wp-json\/wp\/v2\/posts"}],"about":[{"href":"https:\/\/www.caririemacao.com\/1\/wp-json\/wp\/v2\/types\/post"}],"author":[{"embeddable":true,"href":"https:\/\/www.caririemacao.com\/1\/wp-json\/wp\/v2\/users\/2"}],"replies":[{"embeddable":true,"href":"https:\/\/www.caririemacao.com\/1\/wp-json\/wp\/v2\/comments?post=80830"}],"version-history":[{"count":1,"href":"https:\/\/www.caririemacao.com\/1\/wp-json\/wp\/v2\/posts\/80830\/revisions"}],"predecessor-version":[{"id":80835,"href":"https:\/\/www.caririemacao.com\/1\/wp-json\/wp\/v2\/posts\/80830\/revisions\/80835"}],"wp:featuredmedia":[{"embeddable":true,"href":"https:\/\/www.caririemacao.com\/1\/wp-json\/wp\/v2\/media\/80832"}],"wp:attachment":[{"href":"https:\/\/www.caririemacao.com\/1\/wp-json\/wp\/v2\/media?parent=80830"}],"wp:term":[{"taxonomy":"category","embeddable":true,"href":"https:\/\/www.caririemacao.com\/1\/wp-json\/wp\/v2\/categories?post=80830"},{"taxonomy":"post_tag","embeddable":true,"href":"https:\/\/www.caririemacao.com\/1\/wp-json\/wp\/v2\/tags?post=80830"}],"curies":[{"name":"wp","href":"https:\/\/api.w.org\/{rel}","templated":true}]}}