{"id":80834,"date":"2019-01-11T10:35:35","date_gmt":"2019-01-11T13:35:35","guid":{"rendered":"http:\/\/www.caririemacao.com\/1\/?p=80834"},"modified":"2019-01-11T10:35:35","modified_gmt":"2019-01-11T13:35:35","slug":"ex-presidenciavel-eleva-tom-na-internet-com-ironias-e-referencias-a-bozo","status":"publish","type":"post","link":"https:\/\/www.caririemacao.com\/1\/2019\/01\/11\/ex-presidenciavel-eleva-tom-na-internet-com-ironias-e-referencias-a-bozo\/","title":{"rendered":"Ex-presidenci\u00e1vel eleva tom na internet com ironias e refer\u00eancias a \u2018Bozo\u2019"},"content":{"rendered":"<p>Jair Bolsonaro, n\u00e3o. Para Fernando Haddad, agora \u00e9 Bozo, algu\u00e9m com \u201cbozoideias\u201d p\u00e9ssimas para o Brasil.<\/p>\n<p>O apelido que caiu nas gra\u00e7as da esquerda para se referir ao presidente do Brasil incorpora-se agora ao vocabul\u00e1rio de seu advers\u00e1rio petista na elei\u00e7\u00e3o \u2013e d\u00e1 uma pista do papel que Haddad est\u00e1 disposto a prestar como l\u00edder de oposi\u00e7\u00e3o ao novo governo.<\/p>\n<p>Na quarta-feira (9), o professor acad\u00eamico que no pleito costumava se dirigir ao rival como \u201cdeputado Jair Bolsonaro\u201d o chamou de Bozo e ironizou a anula\u00e7\u00e3o de uma multa ambiental que o Ibama tascara em 2012 no agora presidente (disse que havia sido \u201caplicada por fiscal comunista\u201d).<\/p>\n<p>Na v\u00e9spera, Haddad deu algumas dicas para seu 1,14 milh\u00e3o de seguidores no Twitter.<\/p>\n<p>\u201cAntes de defender uma bozoideia, espere 24h. Poupa o esfor\u00e7o de defender o recuo\u201d, o petista escreveu ao comentar a possibilidade (logo descartada) de o Brasil abrigar uma base militar americana.<\/p>\n<p>Investiu contra dois ministros. Primeiro replicou um editorial da Folha de S.Paulo sobre Ricardo V\u00e9lez Rodr\u00edguez: \u201cCara (al\u00f4 Rio), agora \u00e9 a Folha, atacando o tosco ministro da Educa\u00e7\u00e3o. Onde isso vai parar?\u201d.<\/p>\n<p>Depois atacou o titular da Casa Civil. \u201cOs truques do baixo clero: Onyx usou notas em s\u00e9rie de amigo para receber verba de gabinete. Nova tattoo sendo providenciada.\u201d<\/p>\n<p>Em dezembro, acuado por den\u00fancias de caixa dois, Onyx \u00a0Lorenzoni tatuou no bra\u00e7o um vers\u00edculo b\u00edblico para que ele \u201cnunca mais erre\u201d, declarou ent\u00e3o: \u00a0\u201cE conhecereis a verdade, e a verdade vos libertar\u00e1\u201d.<\/p>\n<p>Outra alfinetada de Haddad, desta vez no escritor Olavo de Carvalho. \u201cTrailer do pr\u00f3ximo filme do Woody Allen. Imperd\u00edvel!\u201d, disse sobre um v\u00eddeo em que o ide\u00f3logo do bolsonarismo afirma n\u00e3o ser poss\u00edvel provar que a Terra se mova em torno do Sol ou que a Teoria da Relatividade de Albert Einstein seja v\u00e1lida.<\/p>\n<p>A troca do tom professoral antes t\u00e3o associado a Haddad por um discurso mais combativo n\u00e3o \u00e9 acidental. O petista avalia que o momento \u00e9 de partir para o ataque e vem colhendo frutos virtuais, com maior engajamento de seus seguidores em redes sociais.<\/p>\n<p>Internamente, sua equipe compara seu caso com o do governador Jo\u00e3o Doria (PSDB), mais comedido no \u201cmodo sabich\u00e3o\u201d que desempenhou no \u00faltimo pleito.<\/p>\n<p>No Facebook, ele tem quase seis milh\u00f5es de pessoas que curtem ou seguem seu perfil. Haddad, pouco menos de quatro milh\u00f5es. O petista, contudo, tem amealhado uma m\u00e9dia bem superior de \u201clikes\u201d, sobretudo em postagens mais ferinas contra Bolsonaro. J\u00e1 o tucano, com postura mais institucional, repercute menos.<\/p>\n<p>No s\u00e1bado (5), Haddad se reuniu com o presidente do PSOL, Juliano Medeiros, e usou de exemplo a conduta que adotou ap\u00f3s a derrota para Doria na elei\u00e7\u00e3o de 2016 para a Prefeitura de S\u00e3o Paulo.<\/p>\n<p>Por um semestre, poupou o tucano de cr\u00edticas, ao menos publicamente, at\u00e9 por admitir que, naquele per\u00edodo, Doria era respeitoso com ele e sua fam\u00edlia. Acha que n\u00e3o pode repetir o mesmo modus operandi com Bolsonaro.<\/p>\n<p>\u201cAchei ele animado, disposto a fazer oposi\u00e7\u00e3o forte j\u00e1 agora, como mostra sua presen\u00e7a nas redes\u201d, diz Medeiros.<\/p>\n<p>Haddad cuida da pr\u00f3pria conta do Twitter, com ajuda do assessor pessoal Frederico Assis, o Fred, formado em rela\u00e7\u00f5es internacionais da USP \u2013est\u00e3o juntos desde 2012, quando o petista foi eleito prefeito paulistano e se cercou de um grupo de jovens que causou ciumeira no PT (o que lhes rendeu o apelido \u201cPokem\u00f3ns \u00a0do Haddad\u201d).<\/p>\n<p>O ex-prefeito parece cada vez mais \u00e0 vontade em elevar os decib\u00e9is contra sua\u00a0n\u00eamesis eleitoral. Tem dito que o presidente \u00e9 desrespeitoso com ele. Guarda m\u00e1goas de v\u00e1rios ataques frontais contra sua pessoa, que teriam extrapolado o esperado debate pol\u00edtico.<\/p>\n<p>Como quando Bolsonaro, por exemplo, disse que \u201cquem conversa com poste \u00e9 b\u00eabado\u201d ap\u00f3s o petista se dispor a ir at\u00e9 numa enfermaria para debater com ele, que se recuperava de um esfaqueamento.<\/p>\n<p>Ou quando o rival tuitou que Haddad era \u201cmarmita de corrupto preso\u201d, por suas visitas a Lula na pris\u00e3o. A express\u00e3o \u201cmarmita de bandido\u201d \u00e9 usada para definir uma mulher que namora presos.<\/p>\n<p>Por essas e outras que o petista concluiu que Bolsonaro n\u00e3o se d\u00e1 ao respeito e, para enfrent\u00e1-lo, \u00e9 cair na jugular.<\/p>\n<p>A faceta \u201cpistola\u201d, g\u00edria para ficar bravo com algo, eletrizou seus seguidores, mas tamb\u00e9m despertou cr\u00edticas pela ado\u00e7\u00e3o de uma linguagem que ecoa em bolhas.<\/p>\n<p>\u201cUm t\u00edpico acad\u00eamico de classe m\u00e9dia que n\u00e3o faz ideia do que \u00e9 milit\u00e2ncia\u201d, tuitou um seguidor.<\/p>\n<p>Fora da internet, o ex-presidenci\u00e1vel costura a imagem de um l\u00edder da esquerda global. Nos \u00faltimos meses, esteve com \u00edcones progressistas como o ex-presidente uruguaio Jos\u00e9 Pepe Mujica e Bernie Sanders, que em 2016 perdeu para Hillary Clinton o posto de candidato democrata (e ela, para Donald Trump o de presidente dos Estados Unidos).<\/p>\n<p>Haddad tem no horizonte agendas com for\u00e7as partid\u00e1rias da esquerda europeia (o Podemos espanhol e o Geringon\u00e7a portugu\u00eas) e o mexicano Andr\u00e9s Manuel L\u00f3pez Obrador, exce\u00e7\u00e3o esquerdista na leva de novos mandat\u00e1rios da Am\u00e9rica Latina.<\/p>\n<p>As viagens a Curitiba para visitar Lula na cadeia, comuns em 2018, ainda n\u00e3o se repetiram neste ano. Haddad n\u00e3o sabe quando voltar\u00e1 \u00e0 cidade.<\/p>\n<p>&nbsp;<\/p>\n<p>Folhapress<\/p>\n","protected":false},"excerpt":{"rendered":"<p>Jair Bolsonaro, n\u00e3o. Para Fernando Haddad, agora \u00e9 Bozo, algu\u00e9m com \u201cbozoideias\u201d p\u00e9ssimas para o Brasil. O apelido que caiu nas gra\u00e7as da esquerda para&hellip; <\/p>\n","protected":false},"author":1,"featured_media":67540,"comment_status":"closed","ping_status":"closed","sticky":false,"template":"","format":"standard","meta":{"sfsi_plus_gutenberg_text_before_share":"","sfsi_plus_gutenberg_show_text_before_share":"","sfsi_plus_gutenberg_icon_type":"","sfsi_plus_gutenberg_icon_alignemt":"","sfsi_plus_gutenburg_max_per_row":"","footnotes":""},"categories":[11],"tags":[],"class_list":["post-80834","post","type-post","status-publish","format-standard","has-post-thumbnail","hentry","category-politica"],"_links":{"self":[{"href":"https:\/\/www.caririemacao.com\/1\/wp-json\/wp\/v2\/posts\/80834","targetHints":{"allow":["GET"]}}],"collection":[{"href":"https:\/\/www.caririemacao.com\/1\/wp-json\/wp\/v2\/posts"}],"about":[{"href":"https:\/\/www.caririemacao.com\/1\/wp-json\/wp\/v2\/types\/post"}],"author":[{"embeddable":true,"href":"https:\/\/www.caririemacao.com\/1\/wp-json\/wp\/v2\/users\/1"}],"replies":[{"embeddable":true,"href":"https:\/\/www.caririemacao.com\/1\/wp-json\/wp\/v2\/comments?post=80834"}],"version-history":[{"count":1,"href":"https:\/\/www.caririemacao.com\/1\/wp-json\/wp\/v2\/posts\/80834\/revisions"}],"predecessor-version":[{"id":80836,"href":"https:\/\/www.caririemacao.com\/1\/wp-json\/wp\/v2\/posts\/80834\/revisions\/80836"}],"wp:featuredmedia":[{"embeddable":true,"href":"https:\/\/www.caririemacao.com\/1\/wp-json\/wp\/v2\/media\/67540"}],"wp:attachment":[{"href":"https:\/\/www.caririemacao.com\/1\/wp-json\/wp\/v2\/media?parent=80834"}],"wp:term":[{"taxonomy":"category","embeddable":true,"href":"https:\/\/www.caririemacao.com\/1\/wp-json\/wp\/v2\/categories?post=80834"},{"taxonomy":"post_tag","embeddable":true,"href":"https:\/\/www.caririemacao.com\/1\/wp-json\/wp\/v2\/tags?post=80834"}],"curies":[{"name":"wp","href":"https:\/\/api.w.org\/{rel}","templated":true}]}}