{"id":80838,"date":"2019-01-11T10:46:19","date_gmt":"2019-01-11T13:46:19","guid":{"rendered":"http:\/\/www.caririemacao.com\/1\/?p=80838"},"modified":"2019-01-11T10:46:19","modified_gmt":"2019-01-11T13:46:19","slug":"paraibano-toma-posse-em-secretaria-no-ministerio-dos-direitos-humanos","status":"publish","type":"post","link":"https:\/\/www.caririemacao.com\/1\/2019\/01\/11\/paraibano-toma-posse-em-secretaria-no-ministerio-dos-direitos-humanos\/","title":{"rendered":"Paraibano toma posse em secretaria no Minist\u00e9rio dos Direitos Humanos"},"content":{"rendered":"<p class=\" \">O paraibano S\u00e9rgio Augusto de Queiroz tomou posse nesta quinta-feira (10) como titular da Secretaria Nacional de Prote\u00e7\u00e3o Global, vinculada ao Minist\u00e9rio da Mulher, da Fam\u00edlia e dos Direitos Humanos. Procurador da Fazenda Nacional com mais de 25 anos de dedica\u00e7\u00e3o ao servi\u00e7o p\u00fablico, no ano passado o secret\u00e1rio recebeu o Pr\u00eamio Jubileu de Prata.<\/p>\n<p class=\" \">\u201cNo servi\u00e7o p\u00fablico, ingressei em tr\u00eas cargos por concurso: fui t\u00e9cnico judici\u00e1rio da Justi\u00e7a Federal; auditor fiscal do trabalho, quando atuei na fiscaliza\u00e7\u00e3o das rela\u00e7\u00f5es do trabalho, assim como na media\u00e7\u00e3o de conflitos coletivos, durante cinco anos; e desde o ano 2000 sou Procurador da Fazenda Nacional na Para\u00edba\u201d, afirma. No que tange \u00e0 atua\u00e7\u00e3o no minist\u00e9rio, o secret\u00e1rio ressalta: \u201cA secretaria nacional de Prote\u00e7\u00e3o Global, a antiga secretaria de Cidadania, tem o escopo de proteger as pessoas da maneira mais ampla poss\u00edvel, garantindo os direitos humanos previstos no arcabou\u00e7o jur\u00eddico Brasileiro.\u201d<\/p>\n<p class=\" \">S\u00e9rgio Queiroz destaca, tamb\u00e9m, a\u00e7\u00f5es realizadas junto \u00e0 sociedade civil. \u201cTenho atua\u00e7\u00e3o na promo\u00e7\u00e3o e defesa dos direitos humanos atrav\u00e9s da Funda\u00e7\u00e3o Cidade Viva, que iniciei em 2006. A minha experi\u00eancia tem sido ampla, e isso inclui a reinser\u00e7\u00e3o social de presidi\u00e1rios, trabalhos com pessoas em situa\u00e7\u00e3o de rua, apoio a minorias, assim como moradores do semi\u00e1rido nordestino\u201d, completa.<\/p>\n<p class=\" \"><strong>Forma\u00e7\u00e3o<\/strong><\/p>\n<p class=\" \">Natural de Jo\u00e3o Pessoa\/PB, o secret\u00e1rio \u00e9 graduado em Engenharia Civil, Engenharia de Seguran\u00e7a, Direito e Teologia. Mestre em Minist\u00e9rios Globais e em Filosofia, no campo da \u00c9tica, Filosofia Pol\u00edtica e Direito Natural. Doutor em Teologia em Chicago, Estados Unidos.<\/p>\n<p class=\" \"><strong>Pr\u00eamio<\/strong><\/p>\n<p class=\" \">Na ocasi\u00e3o do recebimento do Pr\u00eamio Jubileu de Prata, o procurador afirmou que \u201ca homenagem, na verdade, \u00e9 o coroamento de 25 anos de dedica\u00e7\u00e3o ao servi\u00e7o p\u00fablico em diversas fun\u00e7\u00f5es ocupadas, sempre por concurso, e com muita dedica\u00e7\u00e3o\u201d.<\/p>\n<p class=\" \">\u201cSignifica tamb\u00e9m um est\u00edmulo para que eu continue servindo ao Estado brasileiro onde quer que eu esteja e na posi\u00e7\u00e3o que seja colocado. Acredito no Brasil e nas institui\u00e7\u00f5es democr\u00e1ticas. Fa\u00e7o parte de uma das institui\u00e7\u00f5es essenciais \u00e0 Justi\u00e7a, que \u00e9 a advocacia p\u00fablica. Eu me sinto n\u00e3o s\u00f3 por lei ou pela Constitui\u00e7\u00e3o um guardi\u00e3o do Estado e representante do Estado brasileiro, mas ao mesmo tempo um simples servo que deseja dar o melhor para o Brasil e para as futuras gera\u00e7\u00f5es. Sou muito grato a Deus\u201d, comentou.<\/p>\n<p><strong>Governo Federal<\/strong><\/p>\n","protected":false},"excerpt":{"rendered":"<p>O paraibano S\u00e9rgio Augusto de Queiroz tomou posse nesta quinta-feira (10) como titular da Secretaria Nacional de Prote\u00e7\u00e3o Global, vinculada ao Minist\u00e9rio da Mulher, da&hellip; <\/p>\n","protected":false},"author":1,"featured_media":80843,"comment_status":"closed","ping_status":"closed","sticky":false,"template":"","format":"standard","meta":{"sfsi_plus_gutenberg_text_before_share":"","sfsi_plus_gutenberg_show_text_before_share":"","sfsi_plus_gutenberg_icon_type":"","sfsi_plus_gutenberg_icon_alignemt":"","sfsi_plus_gutenburg_max_per_row":"","footnotes":""},"categories":[11],"tags":[],"class_list":["post-80838","post","type-post","status-publish","format-standard","has-post-thumbnail","hentry","category-politica"],"_links":{"self":[{"href":"https:\/\/www.caririemacao.com\/1\/wp-json\/wp\/v2\/posts\/80838","targetHints":{"allow":["GET"]}}],"collection":[{"href":"https:\/\/www.caririemacao.com\/1\/wp-json\/wp\/v2\/posts"}],"about":[{"href":"https:\/\/www.caririemacao.com\/1\/wp-json\/wp\/v2\/types\/post"}],"author":[{"embeddable":true,"href":"https:\/\/www.caririemacao.com\/1\/wp-json\/wp\/v2\/users\/1"}],"replies":[{"embeddable":true,"href":"https:\/\/www.caririemacao.com\/1\/wp-json\/wp\/v2\/comments?post=80838"}],"version-history":[{"count":1,"href":"https:\/\/www.caririemacao.com\/1\/wp-json\/wp\/v2\/posts\/80838\/revisions"}],"predecessor-version":[{"id":80844,"href":"https:\/\/www.caririemacao.com\/1\/wp-json\/wp\/v2\/posts\/80838\/revisions\/80844"}],"wp:featuredmedia":[{"embeddable":true,"href":"https:\/\/www.caririemacao.com\/1\/wp-json\/wp\/v2\/media\/80843"}],"wp:attachment":[{"href":"https:\/\/www.caririemacao.com\/1\/wp-json\/wp\/v2\/media?parent=80838"}],"wp:term":[{"taxonomy":"category","embeddable":true,"href":"https:\/\/www.caririemacao.com\/1\/wp-json\/wp\/v2\/categories?post=80838"},{"taxonomy":"post_tag","embeddable":true,"href":"https:\/\/www.caririemacao.com\/1\/wp-json\/wp\/v2\/tags?post=80838"}],"curies":[{"name":"wp","href":"https:\/\/api.w.org\/{rel}","templated":true}]}}