{"id":80845,"date":"2019-01-11T11:21:00","date_gmt":"2019-01-11T14:21:00","guid":{"rendered":"http:\/\/www.caririemacao.com\/1\/?p=80845"},"modified":"2019-01-11T11:21:00","modified_gmt":"2019-01-11T14:21:00","slug":"presidente-da-camara-de-congo-participa-de-reuniao-no-tce","status":"publish","type":"post","link":"https:\/\/www.caririemacao.com\/1\/2019\/01\/11\/presidente-da-camara-de-congo-participa-de-reuniao-no-tce\/","title":{"rendered":"Presidente da C\u00e2mara de Congo participa de reuni\u00e3o no TCE"},"content":{"rendered":"<p>O presidente da C\u00e2mara de Congo, vereador Lenilson Bezerra participou nesta quarta-feira (09), no Tribunal de Contas da Para\u00edba de reuni\u00e3o e aproveitou para realizar o cadastramento de senhas como novo gestor do Poder Legislativo Municipal.<\/p>\n<p>Na ocasi\u00e3o, o presidente Lenilson esteve com o presidente do TCE, Andr\u00e9 Carlos Torres Pontes, com objetivo de aproximar mais o Poder Legislativo Municipal e o \u00f3rg\u00e3o fiscalizador.<\/p>\n<p>Al\u00e9m de Lenilson tamb\u00e9m participaram da reuni\u00e3o o contador, que tamb\u00e9m ir\u00e1 acessar os sistemas do TCE com informa\u00e7\u00f5es a C\u00e2mara de Congo.<\/p>\n","protected":false},"excerpt":{"rendered":"<p>O presidente da C\u00e2mara de Congo, vereador Lenilson Bezerra participou nesta quarta-feira (09), no Tribunal de Contas da Para\u00edba de reuni\u00e3o e aproveitou para realizar&hellip; <\/p>\n","protected":false},"author":2,"featured_media":80846,"comment_status":"closed","ping_status":"closed","sticky":false,"template":"","format":"standard","meta":{"sfsi_plus_gutenberg_text_before_share":"","sfsi_plus_gutenberg_show_text_before_share":"","sfsi_plus_gutenberg_icon_type":"","sfsi_plus_gutenberg_icon_alignemt":"","sfsi_plus_gutenburg_max_per_row":"","footnotes":""},"categories":[50,2],"tags":[],"class_list":["post-80845","post","type-post","status-publish","format-standard","has-post-thumbnail","hentry","category-destaque","category-geral"],"_links":{"self":[{"href":"https:\/\/www.caririemacao.com\/1\/wp-json\/wp\/v2\/posts\/80845","targetHints":{"allow":["GET"]}}],"collection":[{"href":"https:\/\/www.caririemacao.com\/1\/wp-json\/wp\/v2\/posts"}],"about":[{"href":"https:\/\/www.caririemacao.com\/1\/wp-json\/wp\/v2\/types\/post"}],"author":[{"embeddable":true,"href":"https:\/\/www.caririemacao.com\/1\/wp-json\/wp\/v2\/users\/2"}],"replies":[{"embeddable":true,"href":"https:\/\/www.caririemacao.com\/1\/wp-json\/wp\/v2\/comments?post=80845"}],"version-history":[{"count":1,"href":"https:\/\/www.caririemacao.com\/1\/wp-json\/wp\/v2\/posts\/80845\/revisions"}],"predecessor-version":[{"id":80847,"href":"https:\/\/www.caririemacao.com\/1\/wp-json\/wp\/v2\/posts\/80845\/revisions\/80847"}],"wp:featuredmedia":[{"embeddable":true,"href":"https:\/\/www.caririemacao.com\/1\/wp-json\/wp\/v2\/media\/80846"}],"wp:attachment":[{"href":"https:\/\/www.caririemacao.com\/1\/wp-json\/wp\/v2\/media?parent=80845"}],"wp:term":[{"taxonomy":"category","embeddable":true,"href":"https:\/\/www.caririemacao.com\/1\/wp-json\/wp\/v2\/categories?post=80845"},{"taxonomy":"post_tag","embeddable":true,"href":"https:\/\/www.caririemacao.com\/1\/wp-json\/wp\/v2\/tags?post=80845"}],"curies":[{"name":"wp","href":"https:\/\/api.w.org\/{rel}","templated":true}]}}