{"id":80848,"date":"2019-01-11T11:24:51","date_gmt":"2019-01-11T14:24:51","guid":{"rendered":"http:\/\/www.caririemacao.com\/1\/?p=80848"},"modified":"2019-01-11T11:24:51","modified_gmt":"2019-01-11T14:24:51","slug":"identificados-homens-que-ofenderam-nordestinos-sao-de-minas-gerais","status":"publish","type":"post","link":"https:\/\/www.caririemacao.com\/1\/2019\/01\/11\/identificados-homens-que-ofenderam-nordestinos-sao-de-minas-gerais\/","title":{"rendered":"IDENTIFICADOS: Homens que ofenderam nordestinos s\u00e3o de Minas Gerais"},"content":{"rendered":"<p>Ap\u00f3s a\u00a0repercuss\u00e3o negativa do v\u00eddeo em que omitem coment\u00e1rios xenof\u00f3bicos contra nordestinos e nortistas, os homens que aparecem nas imagens foram\u00a0identificados\u00a0e vieram a p\u00fablico\u00a0pedir desculpas. O primeiro \u00e9\u00a0Lucas Paolinelli Campos,\u00a0s\u00f3cio\u00a0da empresa mineira de extra\u00e7\u00e3o de pedras preciosas Primus Gemstones. O segundo, que nas imagens veste a camisa do Atl\u00e9tico-MG, se chama\u00a0Vin\u00edcius Silveira Raposo\u00a0e \u00e9\u00a0professor\u00a0do Instituto Federal de Minas Gerais (IFMG) \u2013 Campus Bambu\u00ed.<\/p>\n<p>Em nota de resposta assinada por ambos, eles\u00a0pedem desculpas e explicam que as grava\u00e7\u00f5es foram feitas no dia 30 de dezembro de 2018 em uma roda de amigos. \u201c[O v\u00eddeo] visava uma brincadeira privada, brincadeira essa que, reconhecemos ser infeliz e de p\u00e9ssimo gosto\u201d, diz o texto.<\/p>\n<p>\u201c[A brincadeira] veiculada de forma descontextualizada, tomou propor\u00e7\u00f5es inimagin\u00e1veis, motivo pelo qual, de pronto, a recha\u00e7amos e manifestamos total retrata\u00e7\u00e3o\u201d, acrescentam. Lucas e Vin\u00edcius pedem desculpas \u201ca todos aqueles que, por qualquer motivo, se sentiram ofendidos\u00a0com as palavras ditas (\u2026) que n\u00e3o condizem com as nossas convic\u00e7\u00f5es\u201d.<\/p>\n<p>Em nota de resposta enviada ao\u00a0Portal FolhaPE, a empresa\u00a0Primus Gemstones, da qual Lucas Campos \u00e9 s\u00f3cio, informou que \u201cn\u00e3o compactua com nenhuma forma de\u00a0discrimina\u00e7\u00e3o\u00a0ou\u00a0preconceito\u00a0de ra\u00e7a, cor, religi\u00e3o ou\u00a0proced\u00eancia nacional\u201d. A Primus alega que o s\u00f3cio que aparece no v\u00eddeo estava fora do ambiente de trabalho e tais brincadeiras n\u00e3o representam os valores da empresa.<\/p>\n<p>J\u00e1 o IFMG de Bambu\u00ed, onde Vin\u00edcius Raposo trabalha como\u00a0professor, publicou uma\u00a0nota de rep\u00fadio\u00a0e afirmou que est\u00e1\u00a0tomando as provid\u00eancias legais cab\u00edveis. \u201c[A institui\u00e7\u00e3o] reafirma que essa postura n\u00e3o condiz com os [nossos] preceitos. Continuaremos lutando por uma educa\u00e7\u00e3o inclusiva, livre de \u2018amarras\u2019 e pautada na \u00e9tica, moral e\u00a0civilidade\u201d, afirmaram.<\/p>\n<p>A\u00a0Pol\u00edcia Civil de Minas Gerais\u00a0n\u00e3o registrou nenhuma ocorr\u00eancia sobre o caso.<\/p>\n<p><strong>Entenda o caso<\/strong><\/p>\n<p>O v\u00eddeo, que circula nas redes sociais desde essa ter\u00e7a-feira (8), mostra dois homens emitindo\u00a0coment\u00e1rios xenof\u00f3bicos contra nordestinos e nortistas. Eles est\u00e3o sentados em uma mesa de bar com outros dois rapazes, que acham gra\u00e7a da cena. Em tom de piada, os homens comemoram a\u00a0elei\u00e7\u00e3o do presidente Jair Bolsonaro\u00a0e afirmam que\u00a0\u201cn\u00e3o v\u00e3o mais suportar\u201d\u00a0os nordestinos e os nortistas.<\/p>\n<p>\u201cEu queria s\u00f3 dizer o seguinte, galera: agora que o\u00a0Bolsonaro ganhou, gra\u00e7as a Deus, ele vai\u00a0excluir os nordestinos\u00a0do grupo. (\u2026) Agora \u00e9\u00a0\u2018faca na caveira&#8217;\u201d, diz, exaltado, o primeiro homem que fala no v\u00eddeo. \u201cA gente n\u00e3o vai mais suportar esse pessoal do Acre, esse pessoal de Roraima, esse pessoal do\u00a0Nordeste\u201d, acrescentou.<\/p>\n<p>Em seguida, um outro membro do grupo, vestindo uma camisa do clube de futebol Atl\u00e9tico Mineiro, segue com as\u00a0declara\u00e7\u00f5es ofensivas. \u201cEssa\u00a0galera do Nordeste\u00a0tem que\u00a0parar de gastar o dinheiro que o Sudeste produz!\u201d, fala, aos risos. O primeiro homem volta a aparecer nas imagens e concorda com o que foi dito. \u201cExatamente! A gente est\u00e1 cansado de produzir e essa mula, n\u00e3o sei o qu\u00ea, n\u00e3o tem \u00e1gua\u201d, finaliza.<\/p>\n<p><strong>Leia as respostas e esclarecimentos na \u00edntegra:<\/strong><\/p>\n<p><strong>Resposta de Lucas e Vin\u00edcius<\/strong><\/p>\n<p><em>Vimos, atrav\u00e9s da presente nota, pedir desculpas e retratar-nos do conte\u00fado do v\u00eddeo gravado em 30\/12\/2018 e viralizado nos \u00faltimos dias. Em momento algum, tivemos a inten\u00e7\u00e3o de agredir verbalmente qualquer pessoa ou grupo de pessoas, tampouco quisemos expressar ali um sentimento de \u00f3dio, preconceito, discrimina\u00e7\u00e3o ou incita\u00e7\u00e3o de viol\u00eancia. Nunca foi nossa inten\u00e7\u00e3o.<\/p>\n<p>Aludido v\u00eddeo foi gravado em uma roda de amigos, e visava uma brincadeira privada, brincadeira essa que, reconhecemos ser infeliz e de p\u00e9ssimo gosto. Veiculada de forma descontextualizada, tomou propor\u00e7\u00f5es inimagin\u00e1veis, motivo pelo qual, de pronto, a recha\u00e7amos e manifestamos total retrata\u00e7\u00e3o.<\/p>\n<p>Reiteramos o pedido de sinceras desculpas a todos aqueles que, por qualquer motivo, se sentiram ofendidos com as palavras ditas por n\u00f3s, que n\u00e3o condizem com as nossas convic\u00e7\u00f5es.<\/p>\n<p>Independentemente disso, no entanto, pedimos desculpas a todas as pessoas que de alguma forma foram atingidas pelo conte\u00fado desse v\u00eddeo e expressamos aqui a nossa certeza de que esse tipo de assunto n\u00e3o deve ser motivo de brincadeiras, mesmo que internas.<\/p>\n<p>Lucas Campos<br \/>\nVinic\u00edus Raposo<br \/>\nBelo Horizonte, 10 de janeiro de 2019.<\/em><\/p>\n<p><strong>Resposta da Primus Gemstones<\/strong><br \/>\n<em>A Primus Gemstones gostaria de informar que n\u00e3o compactua com nenhuma forma de discrimina\u00e7\u00e3o ou preconceito de ra\u00e7a, cor, religi\u00e3o ou proced\u00eancia nacional.<\/p>\n<p>O s\u00f3cio que aparece no v\u00eddeo em quest\u00e3o estava fora do ambiente de trabalho e as infelizes brincadeiras feitas por ele durante aquela grava\u00e7\u00e3o n\u00e3o representam DE FORMA ALGUMA os valores da empresa.<\/p>\n<p>Refor\u00e7amos, portanto, nosso alinhamento com a vis\u00e3o de um mundo mais justo e igualit\u00e1rio, onde todos sejam tratados de maneira equ\u00e2nime.<\/p>\n<p>Atenciosamente,<br \/>\nEquipe Primus Gemstones Brasil<\/em><\/p>\n<p><strong>Nota de rep\u00fadio do IFMG \u2013 Campus Bambu\u00ed<\/strong><br \/>\n<em>O Instituto Federal de Educa\u00e7\u00e3o, Ci\u00eancia e Tecnologia de Minas Gerais (IFMG)- Campus Bambu\u00ed, dentro da sua hist\u00f3ria de 50 anos, vem a p\u00fablico refor\u00e7ar o seu compromisso e respeito com a pluralidade do meio acad\u00eamico. Ambiente este que visa a busca pelo conhecimento, nas diferentes formas de aprender e entender o mundo que nos interp\u00f5e. Fato primordial para a valoriza\u00e7\u00e3o de um espa\u00e7o de transforma\u00e7\u00e3o, que deve ser permeado pelo respeito e pela democracia.<\/p>\n<p>Diante desse contexto, o IFMG n\u00e3o compactua com nenhuma forma de discrimina\u00e7\u00e3o, e tem trabalhado incansavelmente na promo\u00e7\u00e3o do respeito a diversidade, a discuss\u00e3o das diferen\u00e7as e na elimina\u00e7\u00e3o das diferentes formas de preconceito existentes. Estando comprometido com a forma\u00e7\u00e3o de indiv\u00edduos pautados no respeito.<\/p>\n<p>O IFMG esclarece que est\u00e1 tomando as provid\u00eancias legais cab\u00edveis em rela\u00e7\u00e3o ao fato ocorrido envolvendo servidores de nossa institui\u00e7\u00e3o, e reafirma que essa postura n\u00e3o condiz com os preceitos de nossa institui\u00e7\u00e3o. Continuaremos lutando por uma educa\u00e7\u00e3o inclusiva, livre de \u201camarras\u201d e pautada na \u00e9tica, moral e civilidade.\u00a0<\/em><\/p>\n<p>&nbsp;<\/p>\n<p>Folha de PE<\/p>\n","protected":false},"excerpt":{"rendered":"<p>Ap\u00f3s a\u00a0repercuss\u00e3o negativa do v\u00eddeo em que omitem coment\u00e1rios xenof\u00f3bicos contra nordestinos e nortistas, os homens que aparecem nas imagens foram\u00a0identificados\u00a0e vieram a p\u00fablico\u00a0pedir desculpas.&hellip; <\/p>\n","protected":false},"author":1,"featured_media":80850,"comment_status":"closed","ping_status":"closed","sticky":false,"template":"","format":"standard","meta":{"sfsi_plus_gutenberg_text_before_share":"","sfsi_plus_gutenberg_show_text_before_share":"","sfsi_plus_gutenberg_icon_type":"","sfsi_plus_gutenberg_icon_alignemt":"","sfsi_plus_gutenburg_max_per_row":"","footnotes":""},"categories":[50,2],"tags":[],"class_list":["post-80848","post","type-post","status-publish","format-standard","has-post-thumbnail","hentry","category-destaque","category-geral"],"_links":{"self":[{"href":"https:\/\/www.caririemacao.com\/1\/wp-json\/wp\/v2\/posts\/80848","targetHints":{"allow":["GET"]}}],"collection":[{"href":"https:\/\/www.caririemacao.com\/1\/wp-json\/wp\/v2\/posts"}],"about":[{"href":"https:\/\/www.caririemacao.com\/1\/wp-json\/wp\/v2\/types\/post"}],"author":[{"embeddable":true,"href":"https:\/\/www.caririemacao.com\/1\/wp-json\/wp\/v2\/users\/1"}],"replies":[{"embeddable":true,"href":"https:\/\/www.caririemacao.com\/1\/wp-json\/wp\/v2\/comments?post=80848"}],"version-history":[{"count":1,"href":"https:\/\/www.caririemacao.com\/1\/wp-json\/wp\/v2\/posts\/80848\/revisions"}],"predecessor-version":[{"id":80851,"href":"https:\/\/www.caririemacao.com\/1\/wp-json\/wp\/v2\/posts\/80848\/revisions\/80851"}],"wp:featuredmedia":[{"embeddable":true,"href":"https:\/\/www.caririemacao.com\/1\/wp-json\/wp\/v2\/media\/80850"}],"wp:attachment":[{"href":"https:\/\/www.caririemacao.com\/1\/wp-json\/wp\/v2\/media?parent=80848"}],"wp:term":[{"taxonomy":"category","embeddable":true,"href":"https:\/\/www.caririemacao.com\/1\/wp-json\/wp\/v2\/categories?post=80848"},{"taxonomy":"post_tag","embeddable":true,"href":"https:\/\/www.caririemacao.com\/1\/wp-json\/wp\/v2\/tags?post=80848"}],"curies":[{"name":"wp","href":"https:\/\/api.w.org\/{rel}","templated":true}]}}