{"id":80852,"date":"2019-01-11T11:37:48","date_gmt":"2019-01-11T14:37:48","guid":{"rendered":"http:\/\/www.caririemacao.com\/1\/?p=80852"},"modified":"2019-01-11T11:37:48","modified_gmt":"2019-01-11T14:37:48","slug":"prefeitura-de-sao-sebastiao-do-umbuzeiro-prorroga-inscricoes-para-concurso-publico","status":"publish","type":"post","link":"https:\/\/www.caririemacao.com\/1\/2019\/01\/11\/prefeitura-de-sao-sebastiao-do-umbuzeiro-prorroga-inscricoes-para-concurso-publico\/","title":{"rendered":"Prefeitura de S\u00e3o Sebasti\u00e3o do Umbuzeiro prorroga inscri\u00e7\u00f5es para concurso p\u00fablico"},"content":{"rendered":"<p>A Prefeitura de S\u00e3o Sebasti\u00e3o do Umbuzeiro prorrogou o prazo para as inscri\u00e7\u00f5es para o Concurso P\u00fablico do munic\u00edpio. O concurso oferece 42 vagas com sal\u00e1rios de at\u00e9 R$ 4.368.<\/p>\n<p>Com o novo aditivo assinado nesta quinta-feira (10), pelo prefeito constitucional do munic\u00edpio, Adriano Wolff, as inscri\u00e7\u00f5es podem ser feitas at\u00e9 o dia 10 de fevereiro de 2019 pelo <a href=\"https:\/\/www.consulpam.com.br\/index.php?menu=concursos&amp;acao=ver&amp;id=154\">site da organizadora, Consulpam<\/a>.<\/p>\n<p>As taxas de inscri\u00e7\u00e3o variam entre R$ 70 (n\u00edvel fundamental), R$ 75 (n\u00edvel m\u00e9dio\/t\u00e9cnico) e R$ 100 (n\u00edvel superior).<\/p>\n<p>J\u00e1 as provas ser\u00e3o realizadas agora no dia 31 de mar\u00e7o de 2019.<\/p>\n<p>As alega\u00e7\u00f5es s\u00e3o de que o per\u00edodo das festividades de final de ano altera de sobremaneira a rotina dos pretensos candidatos, bem como a quantidade de inscritos no Concurso ainda n\u00e3o ter atingido os limites previstos inicialmente.<\/p>\n<p>Os demais itens do edital permanecem inalterados.<\/p>\n","protected":false},"excerpt":{"rendered":"<p>A Prefeitura de S\u00e3o Sebasti\u00e3o do Umbuzeiro prorrogou o prazo para as inscri\u00e7\u00f5es para o Concurso P\u00fablico do munic\u00edpio. O concurso oferece 42 vagas com&hellip; <\/p>\n","protected":false},"author":1,"featured_media":75898,"comment_status":"closed","ping_status":"closed","sticky":false,"template":"","format":"standard","meta":{"sfsi_plus_gutenberg_text_before_share":"","sfsi_plus_gutenberg_show_text_before_share":"","sfsi_plus_gutenberg_icon_type":"","sfsi_plus_gutenberg_icon_alignemt":"","sfsi_plus_gutenburg_max_per_row":"","footnotes":""},"categories":[50,2],"tags":[],"class_list":["post-80852","post","type-post","status-publish","format-standard","has-post-thumbnail","hentry","category-destaque","category-geral"],"_links":{"self":[{"href":"https:\/\/www.caririemacao.com\/1\/wp-json\/wp\/v2\/posts\/80852","targetHints":{"allow":["GET"]}}],"collection":[{"href":"https:\/\/www.caririemacao.com\/1\/wp-json\/wp\/v2\/posts"}],"about":[{"href":"https:\/\/www.caririemacao.com\/1\/wp-json\/wp\/v2\/types\/post"}],"author":[{"embeddable":true,"href":"https:\/\/www.caririemacao.com\/1\/wp-json\/wp\/v2\/users\/1"}],"replies":[{"embeddable":true,"href":"https:\/\/www.caririemacao.com\/1\/wp-json\/wp\/v2\/comments?post=80852"}],"version-history":[{"count":1,"href":"https:\/\/www.caririemacao.com\/1\/wp-json\/wp\/v2\/posts\/80852\/revisions"}],"predecessor-version":[{"id":80855,"href":"https:\/\/www.caririemacao.com\/1\/wp-json\/wp\/v2\/posts\/80852\/revisions\/80855"}],"wp:featuredmedia":[{"embeddable":true,"href":"https:\/\/www.caririemacao.com\/1\/wp-json\/wp\/v2\/media\/75898"}],"wp:attachment":[{"href":"https:\/\/www.caririemacao.com\/1\/wp-json\/wp\/v2\/media?parent=80852"}],"wp:term":[{"taxonomy":"category","embeddable":true,"href":"https:\/\/www.caririemacao.com\/1\/wp-json\/wp\/v2\/categories?post=80852"},{"taxonomy":"post_tag","embeddable":true,"href":"https:\/\/www.caririemacao.com\/1\/wp-json\/wp\/v2\/tags?post=80852"}],"curies":[{"name":"wp","href":"https:\/\/api.w.org\/{rel}","templated":true}]}}