{"id":80853,"date":"2019-01-11T11:39:17","date_gmt":"2019-01-11T14:39:17","guid":{"rendered":"http:\/\/www.caririemacao.com\/1\/?p=80853"},"modified":"2019-01-11T11:39:17","modified_gmt":"2019-01-11T14:39:17","slug":"nova-presidente-da-camara-de-gurjao-participa-de-reuniao-no-tce","status":"publish","type":"post","link":"https:\/\/www.caririemacao.com\/1\/2019\/01\/11\/nova-presidente-da-camara-de-gurjao-participa-de-reuniao-no-tce\/","title":{"rendered":"Nova presidente da C\u00e2mara de Gurj\u00e3o participa de reuni\u00e3o no TCE"},"content":{"rendered":"<p>A presidente da C\u00e2mara de Gurj\u00e3o, vereadora Elizete Farias participou nesta quarta-feira (09), no Tribunal de Contas da Para\u00edba com o objetivo de cadastrar senhas como nova gestora do Poder Legislativo Municipal.<\/p>\n<p>A presidente Elizete esteve acompanhada da equipe cont\u00e1bil, procurando ficar informada das ferramentas que ser\u00e3o utilizadas pela sua gest\u00e3o na C\u00e2mara Municipal.<\/p>\n","protected":false},"excerpt":{"rendered":"<p>A presidente da C\u00e2mara de Gurj\u00e3o, vereadora Elizete Farias participou nesta quarta-feira (09), no Tribunal de Contas da Para\u00edba com o objetivo de cadastrar senhas&hellip; <\/p>\n","protected":false},"author":2,"featured_media":80854,"comment_status":"closed","ping_status":"closed","sticky":false,"template":"","format":"standard","meta":{"sfsi_plus_gutenberg_text_before_share":"","sfsi_plus_gutenberg_show_text_before_share":"","sfsi_plus_gutenberg_icon_type":"","sfsi_plus_gutenberg_icon_alignemt":"","sfsi_plus_gutenburg_max_per_row":"","footnotes":""},"categories":[6],"tags":[],"class_list":["post-80853","post","type-post","status-publish","format-standard","has-post-thumbnail","hentry","category-cidades"],"_links":{"self":[{"href":"https:\/\/www.caririemacao.com\/1\/wp-json\/wp\/v2\/posts\/80853","targetHints":{"allow":["GET"]}}],"collection":[{"href":"https:\/\/www.caririemacao.com\/1\/wp-json\/wp\/v2\/posts"}],"about":[{"href":"https:\/\/www.caririemacao.com\/1\/wp-json\/wp\/v2\/types\/post"}],"author":[{"embeddable":true,"href":"https:\/\/www.caririemacao.com\/1\/wp-json\/wp\/v2\/users\/2"}],"replies":[{"embeddable":true,"href":"https:\/\/www.caririemacao.com\/1\/wp-json\/wp\/v2\/comments?post=80853"}],"version-history":[{"count":1,"href":"https:\/\/www.caririemacao.com\/1\/wp-json\/wp\/v2\/posts\/80853\/revisions"}],"predecessor-version":[{"id":80856,"href":"https:\/\/www.caririemacao.com\/1\/wp-json\/wp\/v2\/posts\/80853\/revisions\/80856"}],"wp:featuredmedia":[{"embeddable":true,"href":"https:\/\/www.caririemacao.com\/1\/wp-json\/wp\/v2\/media\/80854"}],"wp:attachment":[{"href":"https:\/\/www.caririemacao.com\/1\/wp-json\/wp\/v2\/media?parent=80853"}],"wp:term":[{"taxonomy":"category","embeddable":true,"href":"https:\/\/www.caririemacao.com\/1\/wp-json\/wp\/v2\/categories?post=80853"},{"taxonomy":"post_tag","embeddable":true,"href":"https:\/\/www.caririemacao.com\/1\/wp-json\/wp\/v2\/tags?post=80853"}],"curies":[{"name":"wp","href":"https:\/\/api.w.org\/{rel}","templated":true}]}}