{"id":80857,"date":"2019-01-11T11:44:50","date_gmt":"2019-01-11T14:44:50","guid":{"rendered":"http:\/\/www.caririemacao.com\/1\/?p=80857"},"modified":"2019-01-11T11:44:50","modified_gmt":"2019-01-11T14:44:50","slug":"queda-de-moto-deixa-vitima-fatal-na-zona-rural-de-gurjao","status":"publish","type":"post","link":"https:\/\/www.caririemacao.com\/1\/2019\/01\/11\/queda-de-moto-deixa-vitima-fatal-na-zona-rural-de-gurjao\/","title":{"rendered":"Queda de moto deixa v\u00edtima fatal na zona rural de Gurj\u00e3o"},"content":{"rendered":"<p>Mais uma acidente com \u00f3bito \u00e9 registrado na regi\u00e3o do cariri nos primeiros dias de 2019,<\/p>\n<p>Na noite desta quinta-feira(10). por volta d\u00e1s 20:00 horas, um acidente foi registrado no S\u00edtio Latada, zona rural de Gurj\u00e3o, cariri paraibano.<\/p>\n<p><img fetchpriority=\"high\" decoding=\"async\" class=\"wp-image-61409 aligncenter\" src=\"http:\/\/deolhonocariri.com.br\/wp-content\/uploads\/2019\/01\/jord%C3%A3o.jpg\" sizes=\"(max-width: 310px) 100vw, 310px\" srcset=\"https:\/\/deolhonocariri.com.br\/wp-content\/uploads\/2019\/01\/jord%C3%A3o.jpg 360w, https:\/\/deolhonocariri.com.br\/wp-content\/uploads\/2019\/01\/jord%C3%A3o-335x400.jpg 335w\" alt=\"\" width=\"310\" height=\"371\" \/><\/p>\n<p>Um homem identificado por Jord\u00e3o Luiz Mateus, de 51 anos de idade, perdeu o controle de sua motocicleta, quando vinha da sua casa no S\u00edtio Latada para o centro na cidade de Gurj\u00e3o. Jord\u00e3o teria perdido o controle da sua moto ap\u00f3s ter passado por um barranco e o seu corpo ser arremessado para longe.<\/p>\n<p>A equipe m\u00e9dica do munic\u00edpio e a pol\u00edcia militar foi contactada, mas o gurj\u00e3oense veio a \u00f3bito no local do acidente.<\/p>\n<p>O Corpo foi levado para Campina Grande junto ao Instituto de Medicina Legal (IML), para realizar a per\u00edcia t\u00e9cnica.<\/p>\n<p>Jord\u00e3o Luiz Mateus era casado e pai de cinco filhas. Jord\u00e3o era uma pessoa querida e conhecida por todos na cidade de Gurj\u00e3o e regi\u00f5es circunvizinhas.<\/p>\n","protected":false},"excerpt":{"rendered":"<p>Mais uma acidente com \u00f3bito \u00e9 registrado na regi\u00e3o do cariri nos primeiros dias de 2019, Na noite desta quinta-feira(10). por volta d\u00e1s 20:00 horas,&hellip; <\/p>\n","protected":false},"author":1,"featured_media":80858,"comment_status":"closed","ping_status":"closed","sticky":false,"template":"","format":"standard","meta":{"sfsi_plus_gutenberg_text_before_share":"","sfsi_plus_gutenberg_show_text_before_share":"","sfsi_plus_gutenberg_icon_type":"","sfsi_plus_gutenberg_icon_alignemt":"","sfsi_plus_gutenburg_max_per_row":"","footnotes":""},"categories":[12],"tags":[],"class_list":["post-80857","post","type-post","status-publish","format-standard","has-post-thumbnail","hentry","category-policia"],"_links":{"self":[{"href":"https:\/\/www.caririemacao.com\/1\/wp-json\/wp\/v2\/posts\/80857","targetHints":{"allow":["GET"]}}],"collection":[{"href":"https:\/\/www.caririemacao.com\/1\/wp-json\/wp\/v2\/posts"}],"about":[{"href":"https:\/\/www.caririemacao.com\/1\/wp-json\/wp\/v2\/types\/post"}],"author":[{"embeddable":true,"href":"https:\/\/www.caririemacao.com\/1\/wp-json\/wp\/v2\/users\/1"}],"replies":[{"embeddable":true,"href":"https:\/\/www.caririemacao.com\/1\/wp-json\/wp\/v2\/comments?post=80857"}],"version-history":[{"count":1,"href":"https:\/\/www.caririemacao.com\/1\/wp-json\/wp\/v2\/posts\/80857\/revisions"}],"predecessor-version":[{"id":80859,"href":"https:\/\/www.caririemacao.com\/1\/wp-json\/wp\/v2\/posts\/80857\/revisions\/80859"}],"wp:featuredmedia":[{"embeddable":true,"href":"https:\/\/www.caririemacao.com\/1\/wp-json\/wp\/v2\/media\/80858"}],"wp:attachment":[{"href":"https:\/\/www.caririemacao.com\/1\/wp-json\/wp\/v2\/media?parent=80857"}],"wp:term":[{"taxonomy":"category","embeddable":true,"href":"https:\/\/www.caririemacao.com\/1\/wp-json\/wp\/v2\/categories?post=80857"},{"taxonomy":"post_tag","embeddable":true,"href":"https:\/\/www.caririemacao.com\/1\/wp-json\/wp\/v2\/tags?post=80857"}],"curies":[{"name":"wp","href":"https:\/\/api.w.org\/{rel}","templated":true}]}}