{"id":80860,"date":"2019-01-11T12:22:08","date_gmt":"2019-01-11T15:22:08","guid":{"rendered":"http:\/\/www.caririemacao.com\/1\/?p=80860"},"modified":"2019-01-11T12:22:08","modified_gmt":"2019-01-11T15:22:08","slug":"monteiro-e-64-cidades-da-paraiba-devem-ser-inclusas-em-decreto-que-permitira-posse-de-arma","status":"publish","type":"post","link":"https:\/\/www.caririemacao.com\/1\/2019\/01\/11\/monteiro-e-64-cidades-da-paraiba-devem-ser-inclusas-em-decreto-que-permitira-posse-de-arma\/","title":{"rendered":"Monteiro e 64 cidades da Para\u00edba devem ser inclusas em decreto que permitir\u00e1 posse de arma"},"content":{"rendered":"<div class=\"noticiacorpo\">\n<p>O governo federal deve flexibilizar a posse de armas de fogo para moradores de cidades violentas e \u00e1reas rurais, al\u00e9m de servidores p\u00fablicos que exer\u00e7am fun\u00e7\u00f5es com poder de pol\u00edcia e propriet\u00e1rios de estabelecimentos comerciais. O texto preliminar do decreto foi divulgado na quinta-feira pelo SBT.<\/p>\n<p>Dados do IBGE e do Minist\u00e9rio da Sa\u00fade cruzados pelo GLOBO mostram que pelo menos 169,6 milh\u00f5es pessoas \u2014 quatro em cada cinco brasileiros \u2014 podem ser diretamente afetados caso seja mantida no texto a possibilidade de acesso a armas por moradores de cidades com taxas de homic\u00eddios superiores a dez mortes para cada 100 mil habitantes. Ao todo, 3.179 dos 5.570 munic\u00edpios est\u00e3o acima desta linha de corte.<\/p>\n<p>Segundo o texto do decreto ainda em an\u00e1lise, os interessados podem ter at\u00e9 duas armas em casa. A efetiva necessidade de possuir um armamento passa a incluir automaticamente residentes em \u00e1reas rurais, propriet\u00e1rios ou respons\u00e1veis legais por estabelecimentos comerciais, al\u00e9m de servidores p\u00fablicos que tenham fun\u00e7\u00f5es com poder de pol\u00edcia.<\/p>\n<p>Na Para\u00edba, de acordo com os\u00a0<a href=\"https:\/\/www.estadao.com.br\/infograficos\/cidades,mapa-da-violencia-no-brasil,280781\"><strong>dados d<\/strong><strong>o mapa da viol\u00eancia no Brasil<\/strong><\/a>, lan\u00e7ado em 2010, o \u00faltimo que fez o levantamento de cada munic\u00edpio paraibano, 65 cidades (28.26%) estariam acima da linha de corte. O ranking \u00e9 encabe\u00e7ado pela regi\u00e3o metropolitana de Jo\u00e3o Pessoa \u2013 \u00e1rea conurbada da capital, Cabedelo, Santa Rita e Bayeux \u2013, onde a taxa \u00e9 de 47,57 mortes por 100 mil habitantes. Campina Grande teve 32,62 mortes por 100 mil habitantes.<\/p>\n<p align=\"left\">Completam a lista: Conde, Brejo do Cruz, Pedras de Fogo, Pilar, Bom Sucesso, Alhandra, Cabedelo, Mulungu, Boqueir\u00e3o, Mari, Esperan\u00e7a, Caapor\u00e3, Duas Estradas, S\u00e3o Mamede, Araruna, Soledade, Juripiranga, S\u00e3o Sebasti\u00e3o do Umbuzeiro, S\u00e3o Vicente do Serid\u00f3, Catol\u00e9 do Rocha, Patos, S\u00e3o Bento, Cuitegi, Prata, Guarabira, Congo, Itabaiana, Barra de Santana, Jeric\u00f3, Arara, Barra de S\u00e3o Miguel, Itaporanga, Santa Cec\u00edlia, S\u00e3o Miguel de Taipu, Riach\u00e3o do Bacamarte, Umbuzeiro, Alcantil, Mana\u00edra, Aguiar, Barra de Santa Rosa, Mamanguape, Serra Redonda, Aparecida, Teixeira, Serraria, Bananeiras, M\u00e3e D&#8217;\u00c1gua, S\u00e3o Jo\u00e3o do Tigre, Natuba, Pedro R\u00e9gis, Igaracy, Monteiro, \u00c1gua Branca, Pitimbu, Pocinhos, Puxinan\u00e3, Brejo dos Santos, Lagoa Seca, Areial e Tapero\u00e1.<\/p>\n<\/div>\n<p class=\"noticia_fonte\">\n<strong>O Globo<\/strong><\/p>\n","protected":false},"excerpt":{"rendered":"<p>O governo federal deve flexibilizar a posse de armas de fogo para moradores de cidades violentas e \u00e1reas rurais, al\u00e9m de servidores p\u00fablicos que exer\u00e7am&hellip; <\/p>\n","protected":false},"author":1,"featured_media":80861,"comment_status":"closed","ping_status":"closed","sticky":false,"template":"","format":"standard","meta":{"sfsi_plus_gutenberg_text_before_share":"","sfsi_plus_gutenberg_show_text_before_share":"","sfsi_plus_gutenberg_icon_type":"","sfsi_plus_gutenberg_icon_alignemt":"","sfsi_plus_gutenburg_max_per_row":"","footnotes":""},"categories":[50,2],"tags":[],"class_list":["post-80860","post","type-post","status-publish","format-standard","has-post-thumbnail","hentry","category-destaque","category-geral"],"_links":{"self":[{"href":"https:\/\/www.caririemacao.com\/1\/wp-json\/wp\/v2\/posts\/80860","targetHints":{"allow":["GET"]}}],"collection":[{"href":"https:\/\/www.caririemacao.com\/1\/wp-json\/wp\/v2\/posts"}],"about":[{"href":"https:\/\/www.caririemacao.com\/1\/wp-json\/wp\/v2\/types\/post"}],"author":[{"embeddable":true,"href":"https:\/\/www.caririemacao.com\/1\/wp-json\/wp\/v2\/users\/1"}],"replies":[{"embeddable":true,"href":"https:\/\/www.caririemacao.com\/1\/wp-json\/wp\/v2\/comments?post=80860"}],"version-history":[{"count":1,"href":"https:\/\/www.caririemacao.com\/1\/wp-json\/wp\/v2\/posts\/80860\/revisions"}],"predecessor-version":[{"id":80862,"href":"https:\/\/www.caririemacao.com\/1\/wp-json\/wp\/v2\/posts\/80860\/revisions\/80862"}],"wp:featuredmedia":[{"embeddable":true,"href":"https:\/\/www.caririemacao.com\/1\/wp-json\/wp\/v2\/media\/80861"}],"wp:attachment":[{"href":"https:\/\/www.caririemacao.com\/1\/wp-json\/wp\/v2\/media?parent=80860"}],"wp:term":[{"taxonomy":"category","embeddable":true,"href":"https:\/\/www.caririemacao.com\/1\/wp-json\/wp\/v2\/categories?post=80860"},{"taxonomy":"post_tag","embeddable":true,"href":"https:\/\/www.caririemacao.com\/1\/wp-json\/wp\/v2\/tags?post=80860"}],"curies":[{"name":"wp","href":"https:\/\/api.w.org\/{rel}","templated":true}]}}