{"id":80867,"date":"2019-01-11T14:03:22","date_gmt":"2019-01-11T17:03:22","guid":{"rendered":"http:\/\/www.caririemacao.com\/1\/?p=80867"},"modified":"2019-01-11T14:03:22","modified_gmt":"2019-01-11T17:03:22","slug":"veja-a-provavel-correcao-anual-dos-beneficios-do-inss","status":"publish","type":"post","link":"https:\/\/www.caririemacao.com\/1\/2019\/01\/11\/veja-a-provavel-correcao-anual-dos-beneficios-do-inss\/","title":{"rendered":"Veja a prov\u00e1vel corre\u00e7\u00e3o anual dos benef\u00edcios do INSS"},"content":{"rendered":"<p>Os benef\u00edcios do INSS com valores acima de um sal\u00e1rio m\u00ednimo e concedidos at\u00e9 janeiro do ano passado dever\u00e3o ser reajustados em 3,43%, que \u00e9 a infla\u00e7\u00e3o acumulada em 2018, segundo o INPC (\u00cdndice Nacional de Pre\u00e7os ao Consumidor) divulgado nesta sexta-feira pelo IBGE. O piso salarial, de R$ 998, est\u00e1 estabelecido desde 1\u00ba de janeiro, por decreto do presidente Jair Bolsonaro (PSL).<\/p>\n<p>O INPC divulgado nesta sexta deve elevar o teto previdenci\u00e1rio dos atuais R$ 5.645,80 para R$ 5.839,45.<\/p>\n<p>A confirma\u00e7\u00e3o do reajuste, no entanto, s\u00f3 ocorrer\u00e1 ap\u00f3s publica\u00e7\u00e3o de portaria no Di\u00e1rio Oficial da Uni\u00e3o, o que dever\u00e1 ocorrer na semana que vem, segundo a Secretaria de Previd\u00eancia.<\/p>\n<p>A corre\u00e7\u00e3o aplicada neste ano dever\u00e1 ser a terceira menor a partir de 1995, primeiro ano completo de vigor da moeda oficial do pa\u00eds, o real. No ano passado, o reajuste foi de 2,07%. Em 2007, de 3,3%.<\/p>\n<p>Aposentados e pensionistas que come\u00e7aram a receber benef\u00edcios a partir de fevereiro do ano passado devem ter reajustes proporcionais \u00e0 infla\u00e7\u00e3o acumulada entre a data de in\u00edcio do benef\u00edcio e dezembro.<\/p>\n<p>NEGATIVO<br \/>\nAposentados em novembro correm o risco de ter reajuste negativo, pois o INPC de dezembro, positivo em 0,14%, n\u00e3o foi suficiente para compensar o \u00edndice de 0,25% negativo de novembro.<\/p>\n<p>O reajuste negativo ocorrer\u00e1 caso o governo decida seguir o modelo utilizado nos \u00faltimos anos, que \u00e9 aplicar exatamente a infla\u00e7\u00e3o acumulada no per\u00edodo em que o segurado recebeu o benef\u00edcio no ano anterior, explica o especialista em c\u00e1lculos previdenci\u00e1rios Newton Conde.<\/p>\n<p>Para evitar que benefici\u00e1rios tenham redu\u00e7\u00e3o salarial, o governo tem a possibilidade de considerar corre\u00e7\u00e3o zero nos meses de infla\u00e7\u00e3o negativa.<\/p>\n<p>A manobra, j\u00e1 utilizada no passado, \u00e9 permitida porque a legisla\u00e7\u00e3o n\u00e3o obriga a aplica\u00e7\u00e3o de um \u00edndice espec\u00edfico, segundo Conde. \u201cO que est\u00e1 na Constitui\u00e7\u00e3o \u00e9 que o poder de compra do sal\u00e1rio deve ser mantido\u201d, diz Conde.<\/p>\n<p>PAGAMENTOS<br \/>\nBenef\u00edcios do INSS maiores do que o piso passar\u00e3o a ser pagos com a corre\u00e7\u00e3o entre os dias 1\u00ba e 7 de fevereiro.<\/p>\n<p>A ordem dos dep\u00f3sitos segue o n\u00famero final do cart\u00e3o de benef\u00edcio, sem o d\u00edgito.<\/p>\n<p>At\u00e9 o dia 25, o site\u00a0<a href=\"http:\/\/meu.inss.gov.br\/\" target=\"_blank\" rel=\"noopener\" data-saferedirecturl=\"https:\/\/www.google.com\/url?q=http:\/\/meu.inss.gov.br&amp;source=gmail&amp;ust=1547308226223000&amp;usg=AFQjCNG2vOokSAgX6VJmcJ-HihTRL8A3wg\">meu.inss.gov.br<\/a>\u00a0dever\u00e1 disponibilizar aos benefici\u00e1rios os valores dos sal\u00e1rios corrigidos. A consulta \u00e9 realizada na op\u00e7\u00e3o \u201chist\u00f3rico de cr\u00e9dito de benef\u00edcio\u201d. \u00c9 necess\u00e1rio criar senha para utilizar o site. Quem preferir pode telefonar para o n\u00famero 135.<\/p>\n<p>Para segurados que ganham o piso, o valor sobe de R$ 954 para R$ 998. Nesse caso, os dep\u00f3sitos ocorrem entre os dias 25 de janeiro e 7 de fevereiro.<\/p>\n","protected":false},"excerpt":{"rendered":"<p>Os benef\u00edcios do INSS com valores acima de um sal\u00e1rio m\u00ednimo e concedidos at\u00e9 janeiro do ano passado dever\u00e3o ser reajustados em 3,43%, que \u00e9&hellip; <\/p>\n","protected":false},"author":1,"featured_media":68396,"comment_status":"closed","ping_status":"closed","sticky":false,"template":"","format":"standard","meta":{"sfsi_plus_gutenberg_text_before_share":"","sfsi_plus_gutenberg_show_text_before_share":"","sfsi_plus_gutenberg_icon_type":"","sfsi_plus_gutenberg_icon_alignemt":"","sfsi_plus_gutenburg_max_per_row":"","footnotes":""},"categories":[2],"tags":[],"class_list":["post-80867","post","type-post","status-publish","format-standard","has-post-thumbnail","hentry","category-geral"],"_links":{"self":[{"href":"https:\/\/www.caririemacao.com\/1\/wp-json\/wp\/v2\/posts\/80867","targetHints":{"allow":["GET"]}}],"collection":[{"href":"https:\/\/www.caririemacao.com\/1\/wp-json\/wp\/v2\/posts"}],"about":[{"href":"https:\/\/www.caririemacao.com\/1\/wp-json\/wp\/v2\/types\/post"}],"author":[{"embeddable":true,"href":"https:\/\/www.caririemacao.com\/1\/wp-json\/wp\/v2\/users\/1"}],"replies":[{"embeddable":true,"href":"https:\/\/www.caririemacao.com\/1\/wp-json\/wp\/v2\/comments?post=80867"}],"version-history":[{"count":1,"href":"https:\/\/www.caririemacao.com\/1\/wp-json\/wp\/v2\/posts\/80867\/revisions"}],"predecessor-version":[{"id":80869,"href":"https:\/\/www.caririemacao.com\/1\/wp-json\/wp\/v2\/posts\/80867\/revisions\/80869"}],"wp:featuredmedia":[{"embeddable":true,"href":"https:\/\/www.caririemacao.com\/1\/wp-json\/wp\/v2\/media\/68396"}],"wp:attachment":[{"href":"https:\/\/www.caririemacao.com\/1\/wp-json\/wp\/v2\/media?parent=80867"}],"wp:term":[{"taxonomy":"category","embeddable":true,"href":"https:\/\/www.caririemacao.com\/1\/wp-json\/wp\/v2\/categories?post=80867"},{"taxonomy":"post_tag","embeddable":true,"href":"https:\/\/www.caririemacao.com\/1\/wp-json\/wp\/v2\/tags?post=80867"}],"curies":[{"name":"wp","href":"https:\/\/api.w.org\/{rel}","templated":true}]}}