{"id":80868,"date":"2019-01-11T14:05:18","date_gmt":"2019-01-11T17:05:18","guid":{"rendered":"http:\/\/www.caririemacao.com\/1\/?p=80868"},"modified":"2019-01-11T14:05:18","modified_gmt":"2019-01-11T17:05:18","slug":"amparo-realiza-semana-do-bebe","status":"publish","type":"post","link":"https:\/\/www.caririemacao.com\/1\/2019\/01\/11\/amparo-realiza-semana-do-bebe\/","title":{"rendered":"Amparo realiza Semana do Beb\u00ea"},"content":{"rendered":"<p>A Prefeitura de Amparo, atrav\u00e9s das Secretarias de Assist\u00eancia Social e Sa\u00fade convidam todas as mam\u00e3es para participar das atividades alusivas a Semana do Beb\u00ea que acontece nos dias 15 e 16 deste m\u00eas.<\/p>\n<p>No dia 15\/01, haver\u00e1 a palestra \u201cVacina e amamenta\u00e7\u00e3o\u201d ministrada pela Dra Karoline Falc\u00e3o. A palestra acontece na UBS S\u00e3o Sebasti\u00e3o, \u00e0s 08h30.<\/p>\n<p>J\u00e1 na quarta-feira, dia 16, \u00e0s 8h, haver\u00e1 atividades na sede do Cras com o gestantes e m\u00e3es de beb\u00eas O a 01 ano, onde ser\u00e1 realizado Workshop com a Dra. Juliana (psic\u00f3loga) e Pryscilla (nutricionista) falando sobre estimula\u00e7\u00e3o cognitiva e introdu\u00e7\u00e3o alimentar.<\/p>\n","protected":false},"excerpt":{"rendered":"<p>A Prefeitura de Amparo, atrav\u00e9s das Secretarias de Assist\u00eancia Social e Sa\u00fade convidam todas as mam\u00e3es para participar das atividades alusivas a Semana do Beb\u00ea&hellip; <\/p>\n","protected":false},"author":2,"featured_media":80870,"comment_status":"closed","ping_status":"closed","sticky":false,"template":"","format":"standard","meta":{"sfsi_plus_gutenberg_text_before_share":"","sfsi_plus_gutenberg_show_text_before_share":"","sfsi_plus_gutenberg_icon_type":"","sfsi_plus_gutenberg_icon_alignemt":"","sfsi_plus_gutenburg_max_per_row":"","footnotes":""},"categories":[6],"tags":[],"class_list":["post-80868","post","type-post","status-publish","format-standard","has-post-thumbnail","hentry","category-cidades"],"_links":{"self":[{"href":"https:\/\/www.caririemacao.com\/1\/wp-json\/wp\/v2\/posts\/80868","targetHints":{"allow":["GET"]}}],"collection":[{"href":"https:\/\/www.caririemacao.com\/1\/wp-json\/wp\/v2\/posts"}],"about":[{"href":"https:\/\/www.caririemacao.com\/1\/wp-json\/wp\/v2\/types\/post"}],"author":[{"embeddable":true,"href":"https:\/\/www.caririemacao.com\/1\/wp-json\/wp\/v2\/users\/2"}],"replies":[{"embeddable":true,"href":"https:\/\/www.caririemacao.com\/1\/wp-json\/wp\/v2\/comments?post=80868"}],"version-history":[{"count":1,"href":"https:\/\/www.caririemacao.com\/1\/wp-json\/wp\/v2\/posts\/80868\/revisions"}],"predecessor-version":[{"id":80871,"href":"https:\/\/www.caririemacao.com\/1\/wp-json\/wp\/v2\/posts\/80868\/revisions\/80871"}],"wp:featuredmedia":[{"embeddable":true,"href":"https:\/\/www.caririemacao.com\/1\/wp-json\/wp\/v2\/media\/80870"}],"wp:attachment":[{"href":"https:\/\/www.caririemacao.com\/1\/wp-json\/wp\/v2\/media?parent=80868"}],"wp:term":[{"taxonomy":"category","embeddable":true,"href":"https:\/\/www.caririemacao.com\/1\/wp-json\/wp\/v2\/categories?post=80868"},{"taxonomy":"post_tag","embeddable":true,"href":"https:\/\/www.caririemacao.com\/1\/wp-json\/wp\/v2\/tags?post=80868"}],"curies":[{"name":"wp","href":"https:\/\/api.w.org\/{rel}","templated":true}]}}