{"id":80872,"date":"2019-01-11T14:59:17","date_gmt":"2019-01-11T17:59:17","guid":{"rendered":"http:\/\/www.caririemacao.com\/1\/?p=80872"},"modified":"2019-01-11T14:59:17","modified_gmt":"2019-01-11T17:59:17","slug":"caminhao-perde-controle-em-rodovia-e-dois-trabalhadores-morrem-presos-nas-ferragens","status":"publish","type":"post","link":"https:\/\/www.caririemacao.com\/1\/2019\/01\/11\/caminhao-perde-controle-em-rodovia-e-dois-trabalhadores-morrem-presos-nas-ferragens\/","title":{"rendered":"Caminh\u00e3o perde controle em rodovia e dois trabalhadores morrem presos nas ferragens"},"content":{"rendered":"<p>Um caminh\u00e3o cor verde, placa LWK 6540, Sousa PB, perdeu o controle e capotou na serra de Pinturas, zona rural do munic\u00edpio de Pil\u00f5es.\u00a0O\u00a0grave acidente deixou dois trabalhadores presos nas ferragens. Eles n\u00e3o resistiram aos ferimentos e morreram ainda no local.<\/p>\n<p>A popula\u00e7\u00e3o do local acionou duas ambul\u00e2ncia do Samu,\u00a0 e outras\u00a0tr\u00eas do Corpo de Bombeiros j\u00e1 est\u00e3o no local realizando o socorro das v\u00edtimas.<\/p>\n<p>Ainda n\u00e3o se sabe os motivos que levaram o\u00a0caminhoneiro a\u00a0perder\u00a0o controle do ve\u00edculo.<\/p>\n<p>Segundo informa\u00e7\u00f5es preliminares, os trabalhadores morreram esmagados pelas portas do caminh\u00e3o que capotou.<\/p>\n<p>&nbsp;<\/p>\n<p>ClickPB<\/p>\n","protected":false},"excerpt":{"rendered":"<p>Um caminh\u00e3o cor verde, placa LWK 6540, Sousa PB, perdeu o controle e capotou na serra de Pinturas, zona rural do munic\u00edpio de Pil\u00f5es.\u00a0O\u00a0grave acidente&hellip; <\/p>\n","protected":false},"author":1,"featured_media":80873,"comment_status":"closed","ping_status":"closed","sticky":false,"template":"","format":"standard","meta":{"sfsi_plus_gutenberg_text_before_share":"","sfsi_plus_gutenberg_show_text_before_share":"","sfsi_plus_gutenberg_icon_type":"","sfsi_plus_gutenberg_icon_alignemt":"","sfsi_plus_gutenburg_max_per_row":"","footnotes":""},"categories":[12],"tags":[],"class_list":["post-80872","post","type-post","status-publish","format-standard","has-post-thumbnail","hentry","category-policia"],"_links":{"self":[{"href":"https:\/\/www.caririemacao.com\/1\/wp-json\/wp\/v2\/posts\/80872","targetHints":{"allow":["GET"]}}],"collection":[{"href":"https:\/\/www.caririemacao.com\/1\/wp-json\/wp\/v2\/posts"}],"about":[{"href":"https:\/\/www.caririemacao.com\/1\/wp-json\/wp\/v2\/types\/post"}],"author":[{"embeddable":true,"href":"https:\/\/www.caririemacao.com\/1\/wp-json\/wp\/v2\/users\/1"}],"replies":[{"embeddable":true,"href":"https:\/\/www.caririemacao.com\/1\/wp-json\/wp\/v2\/comments?post=80872"}],"version-history":[{"count":1,"href":"https:\/\/www.caririemacao.com\/1\/wp-json\/wp\/v2\/posts\/80872\/revisions"}],"predecessor-version":[{"id":80874,"href":"https:\/\/www.caririemacao.com\/1\/wp-json\/wp\/v2\/posts\/80872\/revisions\/80874"}],"wp:featuredmedia":[{"embeddable":true,"href":"https:\/\/www.caririemacao.com\/1\/wp-json\/wp\/v2\/media\/80873"}],"wp:attachment":[{"href":"https:\/\/www.caririemacao.com\/1\/wp-json\/wp\/v2\/media?parent=80872"}],"wp:term":[{"taxonomy":"category","embeddable":true,"href":"https:\/\/www.caririemacao.com\/1\/wp-json\/wp\/v2\/categories?post=80872"},{"taxonomy":"post_tag","embeddable":true,"href":"https:\/\/www.caririemacao.com\/1\/wp-json\/wp\/v2\/tags?post=80872"}],"curies":[{"name":"wp","href":"https:\/\/api.w.org\/{rel}","templated":true}]}}