{"id":80875,"date":"2019-01-11T15:02:47","date_gmt":"2019-01-11T18:02:47","guid":{"rendered":"http:\/\/www.caririemacao.com\/1\/?p=80875"},"modified":"2019-01-11T15:02:47","modified_gmt":"2019-01-11T18:02:47","slug":"policia-militar-prende-em-sertania-homem-suspeito-de-latrocinio-em-monteiro","status":"publish","type":"post","link":"https:\/\/www.caririemacao.com\/1\/2019\/01\/11\/policia-militar-prende-em-sertania-homem-suspeito-de-latrocinio-em-monteiro\/","title":{"rendered":"POLICIA MILITAR PRENDE EM SERTANIA HOMEM SUSPEITO DE LATROCINIO EM MONTEIRO"},"content":{"rendered":"<p>Nesta sexta-feira (11), por volta das 09:30 o efetivo da Rocam ao realizar rondas e abordagens na cidade, ao passar nas imedia\u00e7\u00f5es da rodovi\u00e1ria da cidade identificou dois homens em atitude suspeitas.<\/p>\n<p>Ao proceder abordagem em dito momentos os elementos sa\u00edram correndo em disparada sendo detido um de imediato e o outro entrou pelo muro de uma casa abandonada, tomando destino ignorado, n\u00e3o sendo poss\u00edvel localizar-lo.<\/p>\n<p>No momento da pris\u00e3o, foi apreendido com o suspeito um revolver calibre 38 sob o numero 2008290, como tamb\u00e9m posteriormente localizado uma moto Honda titan 125 placa 4318 pertencente aos mesmos, sendo que ap\u00f3s averigua\u00e7\u00e3o foi informado que os mesmos participaram no dia anterior de um latroc\u00ednio contra o senhor Severino Hozorio da Silva no s\u00edtio barro munic\u00edpio de Monteiro PB.<\/p>\n<p>O imputado foi entregue a Delegacia de Pol\u00edcia de Sert\u00e2nia\u00a0 para as provid\u00eancias julgadas cab\u00edveis.<\/p>\n<p>Policiais militares envolvidos na opera\u00e7\u00e3o tamb\u00e9m fizeram quest\u00e3o de agradecer a popula\u00e7\u00e3o sertaniense, que de imediato prestaram todo apoio ao policiamento no momento em que estavam na opera\u00e7\u00e3o de captura dos meliantes e sem ajuda dessas pessoas n\u00e3o teria ocorrido a pris\u00e3o do referido elemento.<\/p>\n<p><img fetchpriority=\"high\" decoding=\"async\" class=\"aligncenter size-full wp-image-12515\" src=\"http:\/\/hora1pb.com.br\/wp-content\/uploads\/2019\/01\/B18ED970-23C0-4AD8-8D6A-BDA274F54FA7.jpeg\" sizes=\"(max-width: 576px) 100vw, 576px\" srcset=\"http:\/\/hora1pb.com.br\/wp-content\/uploads\/2019\/01\/B18ED970-23C0-4AD8-8D6A-BDA274F54FA7.jpeg 576w, http:\/\/hora1pb.com.br\/wp-content\/uploads\/2019\/01\/B18ED970-23C0-4AD8-8D6A-BDA274F54FA7-290x300.jpeg 290w\" alt=\"\" width=\"576\" height=\"596\" \/><\/p>\n","protected":false},"excerpt":{"rendered":"<p>Nesta sexta-feira (11), por volta das 09:30 o efetivo da Rocam ao realizar rondas e abordagens na cidade, ao passar nas imedia\u00e7\u00f5es da rodovi\u00e1ria da&hellip; <\/p>\n","protected":false},"author":1,"featured_media":80876,"comment_status":"closed","ping_status":"closed","sticky":false,"template":"","format":"standard","meta":{"sfsi_plus_gutenberg_text_before_share":"","sfsi_plus_gutenberg_show_text_before_share":"","sfsi_plus_gutenberg_icon_type":"","sfsi_plus_gutenberg_icon_alignemt":"","sfsi_plus_gutenburg_max_per_row":"","footnotes":""},"categories":[50,12],"tags":[],"class_list":["post-80875","post","type-post","status-publish","format-standard","has-post-thumbnail","hentry","category-destaque","category-policia"],"_links":{"self":[{"href":"https:\/\/www.caririemacao.com\/1\/wp-json\/wp\/v2\/posts\/80875","targetHints":{"allow":["GET"]}}],"collection":[{"href":"https:\/\/www.caririemacao.com\/1\/wp-json\/wp\/v2\/posts"}],"about":[{"href":"https:\/\/www.caririemacao.com\/1\/wp-json\/wp\/v2\/types\/post"}],"author":[{"embeddable":true,"href":"https:\/\/www.caririemacao.com\/1\/wp-json\/wp\/v2\/users\/1"}],"replies":[{"embeddable":true,"href":"https:\/\/www.caririemacao.com\/1\/wp-json\/wp\/v2\/comments?post=80875"}],"version-history":[{"count":1,"href":"https:\/\/www.caririemacao.com\/1\/wp-json\/wp\/v2\/posts\/80875\/revisions"}],"predecessor-version":[{"id":80877,"href":"https:\/\/www.caririemacao.com\/1\/wp-json\/wp\/v2\/posts\/80875\/revisions\/80877"}],"wp:featuredmedia":[{"embeddable":true,"href":"https:\/\/www.caririemacao.com\/1\/wp-json\/wp\/v2\/media\/80876"}],"wp:attachment":[{"href":"https:\/\/www.caririemacao.com\/1\/wp-json\/wp\/v2\/media?parent=80875"}],"wp:term":[{"taxonomy":"category","embeddable":true,"href":"https:\/\/www.caririemacao.com\/1\/wp-json\/wp\/v2\/categories?post=80875"},{"taxonomy":"post_tag","embeddable":true,"href":"https:\/\/www.caririemacao.com\/1\/wp-json\/wp\/v2\/tags?post=80875"}],"curies":[{"name":"wp","href":"https:\/\/api.w.org\/{rel}","templated":true}]}}