{"id":80880,"date":"2019-01-12T07:26:03","date_gmt":"2019-01-12T10:26:03","guid":{"rendered":"http:\/\/www.caririemacao.com\/1\/?p=80880"},"modified":"2019-01-12T08:05:52","modified_gmt":"2019-01-12T11:05:52","slug":"missa-solene-marca-abertura-da-107a-festa-do-padroeiro-de-sao-sebastiao-do-umbuzeiro-pb","status":"publish","type":"post","link":"https:\/\/www.caririemacao.com\/1\/2019\/01\/12\/missa-solene-marca-abertura-da-107a-festa-do-padroeiro-de-sao-sebastiao-do-umbuzeiro-pb\/","title":{"rendered":"Missa solene marca abertura da 107\u00aa Festa do padroeiro de S\u00e3o Sebasti\u00e3o do Umbuzeiro\/PB"},"content":{"rendered":"<p>A Par\u00f3quia de S\u00e3o Sebasti\u00e3o do Umbuzeiro, no Cariri Paraibano, abriu oficialmente a festa do padroeiro do munic\u00edpio na noite desta sexta-feira, dia 11 com a realiza\u00e7\u00e3o de prociss\u00e3o e acolhida a imagem de S\u00e3o Sebasti\u00e3o.<\/p>\n<p>A programa\u00e7\u00e3o teve in\u00edcio as 17h, quando a Imagem, que estava em Zabel\u00ea, foi enviada para S\u00e3o Sebasti\u00e3o do Umbuzeiro, onde foi acolhida por centenas de fieis cat\u00f3licos que aguardava a imagem no portal de entrada da cidade.<\/p>\n<p><img fetchpriority=\"high\" decoding=\"async\" class=\"alignnone wp-image-80882 size-large\" src=\"http:\/\/www.caririemacao.com\/1\/wp-content\/uploads\/2019\/01\/DSC_5955-1024x678.jpg\" alt=\"\" width=\"800\" height=\"530\" srcset=\"https:\/\/www.caririemacao.com\/1\/wp-content\/uploads\/2019\/01\/DSC_5955-1024x678.jpg 1024w, https:\/\/www.caririemacao.com\/1\/wp-content\/uploads\/2019\/01\/DSC_5955-300x199.jpg 300w, https:\/\/www.caririemacao.com\/1\/wp-content\/uploads\/2019\/01\/DSC_5955-768x509.jpg 768w, https:\/\/www.caririemacao.com\/1\/wp-content\/uploads\/2019\/01\/DSC_5955.jpg 1280w\" sizes=\"(max-width: 800px) 100vw, 800px\" \/><\/p>\n<p>A partir do portal, foi realizada uma prociss\u00e3o comandada pelo padre Jos\u00e9 Adauto de Maria, com destino a Igreja Matriz. Em seguida, teve in\u00edcio a Missa Solene que contou com a presen\u00e7a de v\u00e1rias autoridades religiosas e pol\u00edticas, entre elas, o vice-prefeito Chico Mariano e o prefeito Adriano Wolff.<\/p>\n<p><img decoding=\"async\" class=\"alignnone wp-image-80884 size-large lazyload\" data-src=\"http:\/\/www.caririemacao.com\/1\/wp-content\/uploads\/2019\/01\/DSC_6120-1024x678.jpg\" alt=\"\" width=\"800\" height=\"530\" data-srcset=\"https:\/\/www.caririemacao.com\/1\/wp-content\/uploads\/2019\/01\/DSC_6120-1024x678.jpg 1024w, https:\/\/www.caririemacao.com\/1\/wp-content\/uploads\/2019\/01\/DSC_6120-300x199.jpg 300w, https:\/\/www.caririemacao.com\/1\/wp-content\/uploads\/2019\/01\/DSC_6120-768x509.jpg 768w, https:\/\/www.caririemacao.com\/1\/wp-content\/uploads\/2019\/01\/DSC_6120.jpg 1280w\" data-sizes=\"(max-width: 800px) 100vw, 800px\" src=\"data:image\/svg+xml;base64,PHN2ZyB3aWR0aD0iMSIgaGVpZ2h0PSIxIiB4bWxucz0iaHR0cDovL3d3dy53My5vcmcvMjAwMC9zdmciPjwvc3ZnPg==\" style=\"--smush-placeholder-width: 800px; --smush-placeholder-aspect-ratio: 800\/530;\" \/><\/p>\n<p>Durante a Missa Solene, celebrada pelo padre Adauto, v\u00e1rios grupos do Ter\u00e7o do Homens vindos de v\u00e1rias cidades da regi\u00e3o participaram da solenidade religiosa.<\/p>\n<p><img decoding=\"async\" class=\"alignnone wp-image-80887 size-large lazyload\" data-src=\"http:\/\/www.caririemacao.com\/1\/wp-content\/uploads\/2019\/01\/DSC_6258-1024x678.jpg\" alt=\"\" width=\"800\" height=\"530\" data-srcset=\"https:\/\/www.caririemacao.com\/1\/wp-content\/uploads\/2019\/01\/DSC_6258-1024x678.jpg 1024w, https:\/\/www.caririemacao.com\/1\/wp-content\/uploads\/2019\/01\/DSC_6258-300x199.jpg 300w, https:\/\/www.caririemacao.com\/1\/wp-content\/uploads\/2019\/01\/DSC_6258-768x509.jpg 768w, https:\/\/www.caririemacao.com\/1\/wp-content\/uploads\/2019\/01\/DSC_6258.jpg 1280w\" data-sizes=\"(max-width: 800px) 100vw, 800px\" src=\"data:image\/svg+xml;base64,PHN2ZyB3aWR0aD0iMSIgaGVpZ2h0PSIxIiB4bWxucz0iaHR0cDovL3d3dy53My5vcmcvMjAwMC9zdmciPjwvc3ZnPg==\" style=\"--smush-placeholder-width: 800px; --smush-placeholder-aspect-ratio: 800\/530;\" \/><\/p>\n<p>Ap\u00f3s a Missa, os noiteiros respons\u00e1veis pela noite (Pap\u00e1, Ir\u00eanio e fam\u00edlia) promoveram em pra\u00e7a p\u00fablica shows com Laerte Lins e Banda Pegada Segura.<\/p>\n<p><a href=\"https:\/\/www.facebook.com\/pg\/CaririEmAcao\/photos\/?tab=album&amp;album_id=1453080548161297\">CLIQUE AQUI E VEJA MAIS FOTOS:\u00a0\u00a0<\/a><\/p>\n<p><div class=\"ose- ose-uid-76958d25cd879f6157c93089229e35d4 ose-embedpress-responsive\" style=\"width:600px; height:550px; max-height:550px; max-width:100%; display:inline-block;\" data-embed-type=\"Facebook\"><iframe allowFullScreen=\"true\" class=\"embera-facebook-iframe-0ce55 lazyload\" data-src=\"https:\/\/www.facebook.com\/plugins\/post.php?href=https%3A%2F%2Fwww.facebook.com%2Fmedia%2Fset%2F%3Fset%3Da.1453080548161297%26%23038%3Btype%3D1%26%23038%3Bl%3D028ea4cb60&width=600&height=550&show_text=true\" width=\"600\" height=\"550\" style=\"border:none;overflow:hidden\" scrolling=\"no\" frameborder=\"0\" allowTransparency=\"true\" src=\"data:image\/svg+xml;base64,PHN2ZyB3aWR0aD0iMSIgaGVpZ2h0PSIxIiB4bWxucz0iaHR0cDovL3d3dy53My5vcmcvMjAwMC9zdmciPjwvc3ZnPg==\" data-load-mode=\"1\"><\/iframe><\/div><\/p>\n<p><strong>A programa\u00e7\u00e3o se estende at\u00e9 o dia 20\/01. Confira a programa\u00e7\u00e3o:<\/strong><\/p>\n<p>Dia 12- Noiteiros: Milton Neves e fam\u00edlia. Noite dedicada ao Coral Alegria;\u00a0Claudenir Fernandes, Vitinho do Acordeon, Banda Amor Falso e Davi Louren\u00e7o.<\/p>\n<p>Dia 13- Noiteiros: Chico Neves e fam\u00edlia. Noite dedicada ao Apostolado da Ora\u00e7\u00e3o;\u00a0Banda Dimeliora e Forr\u00f3 das Amigas.<\/p>\n<p>Dia 14- Noiteiros: Telinha, filhos e netos de Odete e Salete Pereira. Noite dedicada aos esportistas e motoristas;\u00a0Banda Som\u00a0Livre.com\u00a0e Ivo Moura e\u00a0o incompar\u00e1vel Bigode de Caruaru.<\/p>\n<p>Dia 15- Noiteiros: Fam\u00edlia Feitosa. Noite dedicada ao Grupo da Melhor Idade;\u00a0Guilherme do Forr\u00f3 Topado e mais uma atra\u00e7\u00e3o a definir.<\/p>\n<p>Dia 16- Noiteiros: Chico de Mariano e fam\u00edlia. Noite dedicada aos vaqueiros;\u00a0Lulinha Vaqueiro e Farra da Galega.<\/p>\n<p>Dia 17- Noiteiros: Fam\u00edlia Costa. Noite dedicada aos casais;\u00a0Nanara Bello e Laerte Lins.<\/p>\n<p>Dia 18- Noiteiros: Anailton e fam\u00edlia; Z\u00e9 Paulo e familia. Noite dedicada \u00e0 M\u00e3e Rainha; Suelen Fernandes, Forr\u00f3 Top e Farra 1000.<\/p>\n<p>Dia 19- Noite dedicada ao funcionalismo p\u00fablico. Realiza\u00e7\u00e3o da Prefeitura municipal; Ot\u00e1vio do Acordeon, Gil Mendes e Ciel Rodrigues (no palco alternativo: Equipe Marcos Som e luz Dance).<\/p>\n<p>Dia 20- Noite dedicada \u00e0 toda a comunidade umuzeirense. Realiza\u00e7\u00e3o da comiss\u00e3o organizadora da festa;\u00a0Ronaldo Rossi, o Cover de Reginaldo Rossi e Claudenir Fernandes em ritmo de seresta.<\/p>\n","protected":false},"excerpt":{"rendered":"<p>A Par\u00f3quia de S\u00e3o Sebasti\u00e3o do Umbuzeiro, no Cariri Paraibano, abriu oficialmente a festa do padroeiro do munic\u00edpio na noite desta sexta-feira, dia 11 com&hellip; <\/p>\n","protected":false},"author":2,"featured_media":80881,"comment_status":"closed","ping_status":"closed","sticky":false,"template":"","format":"standard","meta":{"sfsi_plus_gutenberg_text_before_share":"","sfsi_plus_gutenberg_show_text_before_share":"","sfsi_plus_gutenberg_icon_type":"","sfsi_plus_gutenberg_icon_alignemt":"","sfsi_plus_gutenburg_max_per_row":"","footnotes":""},"categories":[6],"tags":[],"class_list":["post-80880","post","type-post","status-publish","format-standard","has-post-thumbnail","hentry","category-cidades"],"_links":{"self":[{"href":"https:\/\/www.caririemacao.com\/1\/wp-json\/wp\/v2\/posts\/80880","targetHints":{"allow":["GET"]}}],"collection":[{"href":"https:\/\/www.caririemacao.com\/1\/wp-json\/wp\/v2\/posts"}],"about":[{"href":"https:\/\/www.caririemacao.com\/1\/wp-json\/wp\/v2\/types\/post"}],"author":[{"embeddable":true,"href":"https:\/\/www.caririemacao.com\/1\/wp-json\/wp\/v2\/users\/2"}],"replies":[{"embeddable":true,"href":"https:\/\/www.caririemacao.com\/1\/wp-json\/wp\/v2\/comments?post=80880"}],"version-history":[{"count":1,"href":"https:\/\/www.caririemacao.com\/1\/wp-json\/wp\/v2\/posts\/80880\/revisions"}],"predecessor-version":[{"id":80888,"href":"https:\/\/www.caririemacao.com\/1\/wp-json\/wp\/v2\/posts\/80880\/revisions\/80888"}],"wp:featuredmedia":[{"embeddable":true,"href":"https:\/\/www.caririemacao.com\/1\/wp-json\/wp\/v2\/media\/80881"}],"wp:attachment":[{"href":"https:\/\/www.caririemacao.com\/1\/wp-json\/wp\/v2\/media?parent=80880"}],"wp:term":[{"taxonomy":"category","embeddable":true,"href":"https:\/\/www.caririemacao.com\/1\/wp-json\/wp\/v2\/categories?post=80880"},{"taxonomy":"post_tag","embeddable":true,"href":"https:\/\/www.caririemacao.com\/1\/wp-json\/wp\/v2\/tags?post=80880"}],"curies":[{"name":"wp","href":"https:\/\/api.w.org\/{rel}","templated":true}]}}