{"id":80890,"date":"2019-01-12T15:05:04","date_gmt":"2019-01-12T18:05:04","guid":{"rendered":"http:\/\/www.caririemacao.com\/1\/?p=80890"},"modified":"2019-01-12T15:05:04","modified_gmt":"2019-01-12T18:05:04","slug":"policia-de-pernambuco-prende-suspeitos-de-balear-idoso-em-monteiro","status":"publish","type":"post","link":"https:\/\/www.caririemacao.com\/1\/2019\/01\/12\/policia-de-pernambuco-prende-suspeitos-de-balear-idoso-em-monteiro\/","title":{"rendered":"Pol\u00edcia de Pernambuco prende suspeitos de balear idoso em Monteiro"},"content":{"rendered":"<p>Policiais da Rocam de Pernambuco prenderam na manh\u00e3 e tarde desta sexta-feira (11), dois jovens suspeitos de uma tentativa de assalto a um idoso de 76 anos na zona rural do munic\u00edpio de Monteiro, no Cariri paraibano. As pris\u00f5es ocorreram na cidade de Sert\u00e2nia -PE.<\/p>\n<p>Conforme informa\u00e7\u00f5es, por volta das 09h30, policiais da Rocam realizavam rondas e abordagens na cidade, e ao passar nas imedia\u00e7\u00f5es da rodovi\u00e1ria, identificaram dois homens em atitude suspeitas. Ao proceder com a abordagem, em dito momento, os elementos sa\u00edram correndo em disparada sendo detido um de imediato e o outro entrou pelo muro de uma casa abandonada, tomando destino ignorado, n\u00e3o sendo poss\u00edvel localizar-lo.<\/p>\n<p>No momento da pris\u00e3o, foi apreendido com o suspeito um revolver calibre 38 sob o numero 2008290, como tamb\u00e9m posteriormente localizado uma moto Honda Titan 125 placa 4318, pertencente aos mesmos, sendo que ap\u00f3s averigua\u00e7\u00e3o foi informado que os mesmos participaram no dia anterior de uma tentativa de assalto no s\u00edtio Barro de Santa Catarina, em Monteiro, que resultou com uma v\u00edtima baleada com dois tiros.<\/p>\n<p>Os policiais continuaram na busca incessante de capturar o outro meliante que participou do assalto e no per\u00edodo da tarde prenderam o outro jovem, que j\u00e1 foi identificado por Daniel Jos\u00e9 de Brito, de 23 anos. Os dois assaltantes j\u00e1 se sabem que pertencem ao estado de Minas Gerais, e que provavelmente, j\u00e1 s\u00e3o decorrentes de outros ind\u00edcios.<\/p>\n<p>Os dois assaltantes j\u00e1 foram transferidos para a Delegacia de Pol\u00edcia de Monteiro para as provid\u00eancias julgadas cab\u00edveis.<\/p>\n<p>O idoso de 76 anos segue internado no Hospital de Emerg\u00eancia e Trauma de Campina Grande, e seu estado de sa\u00fade \u00e9 est\u00e1vel.<\/p>\n","protected":false},"excerpt":{"rendered":"<p>Policiais da Rocam de Pernambuco prenderam na manh\u00e3 e tarde desta sexta-feira (11), dois jovens suspeitos de uma tentativa de assalto a um idoso de&hellip; <\/p>\n","protected":false},"author":1,"featured_media":13970,"comment_status":"closed","ping_status":"closed","sticky":false,"template":"","format":"standard","meta":{"sfsi_plus_gutenberg_text_before_share":"","sfsi_plus_gutenberg_show_text_before_share":"","sfsi_plus_gutenberg_icon_type":"","sfsi_plus_gutenberg_icon_alignemt":"","sfsi_plus_gutenburg_max_per_row":"","footnotes":""},"categories":[12],"tags":[],"class_list":["post-80890","post","type-post","status-publish","format-standard","has-post-thumbnail","hentry","category-policia"],"_links":{"self":[{"href":"https:\/\/www.caririemacao.com\/1\/wp-json\/wp\/v2\/posts\/80890","targetHints":{"allow":["GET"]}}],"collection":[{"href":"https:\/\/www.caririemacao.com\/1\/wp-json\/wp\/v2\/posts"}],"about":[{"href":"https:\/\/www.caririemacao.com\/1\/wp-json\/wp\/v2\/types\/post"}],"author":[{"embeddable":true,"href":"https:\/\/www.caririemacao.com\/1\/wp-json\/wp\/v2\/users\/1"}],"replies":[{"embeddable":true,"href":"https:\/\/www.caririemacao.com\/1\/wp-json\/wp\/v2\/comments?post=80890"}],"version-history":[{"count":1,"href":"https:\/\/www.caririemacao.com\/1\/wp-json\/wp\/v2\/posts\/80890\/revisions"}],"predecessor-version":[{"id":80891,"href":"https:\/\/www.caririemacao.com\/1\/wp-json\/wp\/v2\/posts\/80890\/revisions\/80891"}],"wp:featuredmedia":[{"embeddable":true,"href":"https:\/\/www.caririemacao.com\/1\/wp-json\/wp\/v2\/media\/13970"}],"wp:attachment":[{"href":"https:\/\/www.caririemacao.com\/1\/wp-json\/wp\/v2\/media?parent=80890"}],"wp:term":[{"taxonomy":"category","embeddable":true,"href":"https:\/\/www.caririemacao.com\/1\/wp-json\/wp\/v2\/categories?post=80890"},{"taxonomy":"post_tag","embeddable":true,"href":"https:\/\/www.caririemacao.com\/1\/wp-json\/wp\/v2\/tags?post=80890"}],"curies":[{"name":"wp","href":"https:\/\/api.w.org\/{rel}","templated":true}]}}