{"id":80892,"date":"2019-01-12T15:07:11","date_gmt":"2019-01-12T18:07:11","guid":{"rendered":"http:\/\/www.caririemacao.com\/1\/?p=80892"},"modified":"2019-01-12T15:07:11","modified_gmt":"2019-01-12T18:07:11","slug":"homem-e-preso-suspeito-de-abusar-de-menina-de-nove-anos-e-dar-doces-no-cariri","status":"publish","type":"post","link":"https:\/\/www.caririemacao.com\/1\/2019\/01\/12\/homem-e-preso-suspeito-de-abusar-de-menina-de-nove-anos-e-dar-doces-no-cariri\/","title":{"rendered":"Homem \u00e9 preso suspeito de abusar de menina de nove anos e dar doces, no Cariri"},"content":{"rendered":"<p>Um homem foi preso, nesta sexta-feira (11), suspeito de abusar sexualmente de uma menina de nove anos, em Boqueir\u00e3o, no Cariri da Para\u00edba. Ele estava sendo procurado pela Pol\u00edcia Civil desde 2014, quando a Justi\u00e7a decretou a pris\u00e3o preventiva.Segundo a pol\u00edcia, o homem conhecia a fam\u00edlia da crian\u00e7a e, assim, tinha acesso \u00e0 resid\u00eancia da suposta v\u00edtima. Ele \u00e9 investigado suspeito de ter abusado da menina entre 2013 e 2014, quando ela tinha nove anos de idade.<\/p>\n<p>O homem teria iludido a menina com doces e pipocas para praticar os abusos. O caso foi denunciado ap\u00f3s a crian\u00e7a queixar-se de dor na regi\u00e3o genital e revelar as pr\u00e1ticas \u00e0 fam\u00edlia.<\/p>\n","protected":false},"excerpt":{"rendered":"<p>Um homem foi preso, nesta sexta-feira (11), suspeito de abusar sexualmente de uma menina de nove anos, em Boqueir\u00e3o, no Cariri da Para\u00edba. Ele estava&hellip; <\/p>\n","protected":false},"author":1,"featured_media":35049,"comment_status":"closed","ping_status":"closed","sticky":false,"template":"","format":"standard","meta":{"sfsi_plus_gutenberg_text_before_share":"","sfsi_plus_gutenberg_show_text_before_share":"","sfsi_plus_gutenberg_icon_type":"","sfsi_plus_gutenberg_icon_alignemt":"","sfsi_plus_gutenburg_max_per_row":"","footnotes":""},"categories":[12],"tags":[],"class_list":["post-80892","post","type-post","status-publish","format-standard","has-post-thumbnail","hentry","category-policia"],"_links":{"self":[{"href":"https:\/\/www.caririemacao.com\/1\/wp-json\/wp\/v2\/posts\/80892","targetHints":{"allow":["GET"]}}],"collection":[{"href":"https:\/\/www.caririemacao.com\/1\/wp-json\/wp\/v2\/posts"}],"about":[{"href":"https:\/\/www.caririemacao.com\/1\/wp-json\/wp\/v2\/types\/post"}],"author":[{"embeddable":true,"href":"https:\/\/www.caririemacao.com\/1\/wp-json\/wp\/v2\/users\/1"}],"replies":[{"embeddable":true,"href":"https:\/\/www.caririemacao.com\/1\/wp-json\/wp\/v2\/comments?post=80892"}],"version-history":[{"count":1,"href":"https:\/\/www.caririemacao.com\/1\/wp-json\/wp\/v2\/posts\/80892\/revisions"}],"predecessor-version":[{"id":80893,"href":"https:\/\/www.caririemacao.com\/1\/wp-json\/wp\/v2\/posts\/80892\/revisions\/80893"}],"wp:featuredmedia":[{"embeddable":true,"href":"https:\/\/www.caririemacao.com\/1\/wp-json\/wp\/v2\/media\/35049"}],"wp:attachment":[{"href":"https:\/\/www.caririemacao.com\/1\/wp-json\/wp\/v2\/media?parent=80892"}],"wp:term":[{"taxonomy":"category","embeddable":true,"href":"https:\/\/www.caririemacao.com\/1\/wp-json\/wp\/v2\/categories?post=80892"},{"taxonomy":"post_tag","embeddable":true,"href":"https:\/\/www.caririemacao.com\/1\/wp-json\/wp\/v2\/tags?post=80892"}],"curies":[{"name":"wp","href":"https:\/\/api.w.org\/{rel}","templated":true}]}}