{"id":80895,"date":"2019-01-12T15:13:27","date_gmt":"2019-01-12T18:13:27","guid":{"rendered":"http:\/\/www.caririemacao.com\/1\/?p=80895"},"modified":"2019-01-12T15:13:27","modified_gmt":"2019-01-12T18:13:27","slug":"veja-previsao-do-tempo-na-pb-e-clima-para-o-fim-de-semana-no-cariri-e-demais-regioes","status":"publish","type":"post","link":"https:\/\/www.caririemacao.com\/1\/2019\/01\/12\/veja-previsao-do-tempo-na-pb-e-clima-para-o-fim-de-semana-no-cariri-e-demais-regioes\/","title":{"rendered":"Veja previs\u00e3o do tempo na PB e clima para o fim de semana no Cariri e demais regi\u00f5es"},"content":{"rendered":"<p>A previs\u00e3o do tempo na Para\u00edba para este s\u00e1bado (12) varia da temperatura m\u00ednima de 20\u00baC no Brejo at\u00e9 a m\u00e1xima de 35\u00baC no Sert\u00e3o. No Agreste, as temperaturas oscilam entre 21\u00b0C e 30\u00b0C. No Cariri, a m\u00ednima prevista \u00e9 de 22\u00baC e a m\u00e1xima de 33\u00baC. No Litoral, a temperatura varia de 26\u00baC at\u00e9 31\u00baC.<\/p>\n<div class=\"wall protected-content\">\n<div class=\"mc-column content-text active-extra-styles \" data-block-type=\"unstyled\" data-block-weight=\"38\" data-block-id=\"3\">\n<p class=\"content-text__container \" data-track-category=\"Link no Texto\" data-track-links=\"\">Segundo dados da Ag\u00eancia Executiva de Gest\u00e3o das \u00c1guas (Aesa), para o s\u00e1bado, a previs\u00e3o \u00e9 de perman\u00eancia das condi\u00e7\u00f5es meteorol\u00f3gicas favor\u00e1veis \u00e0 ocorr\u00eancia de chuvas localizadas no final do dia sobre algumas \u00e1reas do estado da Para\u00edba.<\/p>\n<\/div>\n<div class=\"mc-column content-text active-extra-styles \" data-block-type=\"unstyled\" data-block-weight=\"62\" data-block-id=\"4\">\n<p class=\"content-text__container \" data-track-category=\"Link no Texto\" data-track-links=\"\">No Litoral e no Brejo, a previs\u00e3o \u00e9 de nebulosidade vari\u00e1vel com possibilidade de chuvas passageiras em \u00e1reas isoladas. Agreste t\u00eam nebulosidade vari\u00e1vel. Cariri e Curimata\u00fa tem nebulosidade vari\u00e1vel com chuvas em pontos isolados no fim do dia. A previs\u00e3o para o Sert\u00e3o e Alto Sert\u00e3o \u00e9 de nebulosidade vari\u00e1vel com possibilidade ocorr\u00eancia de pancadas de chuva r\u00e1pidas no fim do dia.<\/p>\n<\/div>\n<div class=\"mc-column content-text active-extra-styles \" data-block-type=\"unstyled\" data-block-weight=\"10\" data-block-id=\"5\">\n<p class=\"content-text__container \" data-track-category=\"Link no Texto\" data-track-links=\"\">As informa\u00e7\u00f5es meteorol\u00f3gicas s\u00e3o fornecidas pela Aesa e pelo Climatempo.<\/p>\n<\/div>\n<div class=\"mc-column content-text active-extra-styles \" data-block-type=\"unstyled\" data-block-weight=\"53\" data-block-id=\"7\">\n<p class=\"content-text__container \" data-track-category=\"Link no Texto\" data-track-links=\"\">Em Jo\u00e3o Pessoa, o tempo tanto quanto no domingo, \u00e9 de sol e aumento de nuvens de manh\u00e3, com pancadas de chuva \u00e0 tarde e \u00e0 noite. No s\u00e1bado a temperatura deve variar entre 25\u00b0C e 32\u00b0C e no domingo, a m\u00e1xima cai um pouco para 31\u00b0C enquanto a m\u00e1xima permanece a mesma.<\/p>\n<\/div>\n<div data-track-category=\"multicontent\" data-track-action=\"ultimo chunk conteudo\" data-track-noninteraction=\"false\" data-track-scroll=\"view\">\n<div class=\"mc-column content-text active-extra-styles \" data-block-type=\"unstyled\" data-block-weight=\"42\" data-block-id=\"8\">\n<p class=\"content-text__container \" data-track-category=\"Link no Texto\" data-track-links=\"\">Em Campina Grande, a previs\u00e3o do tempo \u00e9 semelhante a de Jo\u00e3o Pessoa, sol e aumento de nuvens de manh\u00e3., com pancadas de chuva \u00e0 tarde e \u00e0 noite. As temperaturas devem oscilar entre 21\u00b0C e 30\u00b0C no s\u00e1bado e no domingo.<\/p>\n<\/div>\n<p data-track-category=\"Link no Texto\" data-track-links=\"\">\n<\/div>\n<\/div>\n","protected":false},"excerpt":{"rendered":"<p>A previs\u00e3o do tempo na Para\u00edba para este s\u00e1bado (12) varia da temperatura m\u00ednima de 20\u00baC no Brejo at\u00e9 a m\u00e1xima de 35\u00baC no Sert\u00e3o.&hellip; <\/p>\n","protected":false},"author":1,"featured_media":47314,"comment_status":"closed","ping_status":"closed","sticky":false,"template":"","format":"standard","meta":{"sfsi_plus_gutenberg_text_before_share":"","sfsi_plus_gutenberg_show_text_before_share":"","sfsi_plus_gutenberg_icon_type":"","sfsi_plus_gutenberg_icon_alignemt":"","sfsi_plus_gutenburg_max_per_row":"","footnotes":""},"categories":[2],"tags":[],"class_list":["post-80895","post","type-post","status-publish","format-standard","has-post-thumbnail","hentry","category-geral"],"_links":{"self":[{"href":"https:\/\/www.caririemacao.com\/1\/wp-json\/wp\/v2\/posts\/80895","targetHints":{"allow":["GET"]}}],"collection":[{"href":"https:\/\/www.caririemacao.com\/1\/wp-json\/wp\/v2\/posts"}],"about":[{"href":"https:\/\/www.caririemacao.com\/1\/wp-json\/wp\/v2\/types\/post"}],"author":[{"embeddable":true,"href":"https:\/\/www.caririemacao.com\/1\/wp-json\/wp\/v2\/users\/1"}],"replies":[{"embeddable":true,"href":"https:\/\/www.caririemacao.com\/1\/wp-json\/wp\/v2\/comments?post=80895"}],"version-history":[{"count":1,"href":"https:\/\/www.caririemacao.com\/1\/wp-json\/wp\/v2\/posts\/80895\/revisions"}],"predecessor-version":[{"id":80897,"href":"https:\/\/www.caririemacao.com\/1\/wp-json\/wp\/v2\/posts\/80895\/revisions\/80897"}],"wp:featuredmedia":[{"embeddable":true,"href":"https:\/\/www.caririemacao.com\/1\/wp-json\/wp\/v2\/media\/47314"}],"wp:attachment":[{"href":"https:\/\/www.caririemacao.com\/1\/wp-json\/wp\/v2\/media?parent=80895"}],"wp:term":[{"taxonomy":"category","embeddable":true,"href":"https:\/\/www.caririemacao.com\/1\/wp-json\/wp\/v2\/categories?post=80895"},{"taxonomy":"post_tag","embeddable":true,"href":"https:\/\/www.caririemacao.com\/1\/wp-json\/wp\/v2\/tags?post=80895"}],"curies":[{"name":"wp","href":"https:\/\/api.w.org\/{rel}","templated":true}]}}