{"id":80898,"date":"2019-01-12T15:16:32","date_gmt":"2019-01-12T18:16:32","guid":{"rendered":"http:\/\/www.caririemacao.com\/1\/?p=80898"},"modified":"2019-01-12T15:16:32","modified_gmt":"2019-01-12T18:16:32","slug":"secretaria-de-desenvolvimento-social-realiza-palestra-para-maes-do-nenem-fortinho","status":"publish","type":"post","link":"https:\/\/www.caririemacao.com\/1\/2019\/01\/12\/secretaria-de-desenvolvimento-social-realiza-palestra-para-maes-do-nenem-fortinho\/","title":{"rendered":"Secretaria de Desenvolvimento Social realiza palestra para m\u00e3es do Nen\u00e9m Fortinho"},"content":{"rendered":"<p>Na \u00faltima ter\u00e7a-feira, 08, a Secretaria de Desenvolvimento Social realizou uma palestra com a psic\u00f3loga Renata Nascimento e a assistente Raissa Galv\u00e3o abordando temas relativos aos beb\u00eas e \u00e0s mam\u00e3es.<\/p>\n<p>Esta programa\u00e7\u00e3o foi voltada diretamente para os benefici\u00e1rios do Programa de refor\u00e7o alimentar Nen\u00e9m Fortinho. Al\u00e9m da psic\u00f3loga e assistente, a secret\u00e1ria da pasta, Rosa Aleixo tamb\u00e9m fez quest\u00e3o de um gostoso bate papo com os presentes intensificando o objetivo do programa.<\/p>\n<p><img fetchpriority=\"high\" decoding=\"async\" class=\"size-medium wp-image-32136 alignleft\" src=\"http:\/\/www.vitrinedocariri.com.br\/wp-content\/uploads\/2019\/01\/Nenem-Fortinho-20192-300x200.jpeg\" alt=\"\" width=\"300\" height=\"200\" \/>Ainda no momento bastante descontra\u00eddo, houve tamb\u00e9m a entrega dos produtos suplementares que os beneficiados recebem. Todas as mam\u00e3es agradeceram o incentivo atrav\u00e9s da palestra, bem como o cuidado e aten\u00e7\u00e3o especial dedicada pela equipe \u00e0s crian\u00e7as.<\/p>\n<p>Programa Crian\u00e7a Feliz<\/p>\n<p>A secret\u00e1ria ainda desenvolver\u00e1 uma reuni\u00e3o neste m\u00eas para as m\u00e3es e pais dos usu\u00e1rios do Programa Crianca Feliz, que acontecer\u00e1 no dia 23 de janeiro \u00e0s 09 horas da manh\u00e3 no Complexo de Gastronomia Jose Rafael de Menezes, que fica localizada em frente a Secretaria de Desenvolvimento Social no bairro do Alto de S\u00e3o Vicente.<\/p>\n<p>&nbsp;<\/p>\n<p>Ascom<\/p>\n","protected":false},"excerpt":{"rendered":"<p>Na \u00faltima ter\u00e7a-feira, 08, a Secretaria de Desenvolvimento Social realizou uma palestra com a psic\u00f3loga Renata Nascimento e a assistente Raissa Galv\u00e3o abordando temas relativos&hellip; <\/p>\n","protected":false},"author":1,"featured_media":69727,"comment_status":"closed","ping_status":"closed","sticky":false,"template":"","format":"standard","meta":{"sfsi_plus_gutenberg_text_before_share":"","sfsi_plus_gutenberg_show_text_before_share":"","sfsi_plus_gutenberg_icon_type":"","sfsi_plus_gutenberg_icon_alignemt":"","sfsi_plus_gutenburg_max_per_row":"","footnotes":""},"categories":[6],"tags":[],"class_list":["post-80898","post","type-post","status-publish","format-standard","has-post-thumbnail","hentry","category-cidades"],"_links":{"self":[{"href":"https:\/\/www.caririemacao.com\/1\/wp-json\/wp\/v2\/posts\/80898","targetHints":{"allow":["GET"]}}],"collection":[{"href":"https:\/\/www.caririemacao.com\/1\/wp-json\/wp\/v2\/posts"}],"about":[{"href":"https:\/\/www.caririemacao.com\/1\/wp-json\/wp\/v2\/types\/post"}],"author":[{"embeddable":true,"href":"https:\/\/www.caririemacao.com\/1\/wp-json\/wp\/v2\/users\/1"}],"replies":[{"embeddable":true,"href":"https:\/\/www.caririemacao.com\/1\/wp-json\/wp\/v2\/comments?post=80898"}],"version-history":[{"count":1,"href":"https:\/\/www.caririemacao.com\/1\/wp-json\/wp\/v2\/posts\/80898\/revisions"}],"predecessor-version":[{"id":80899,"href":"https:\/\/www.caririemacao.com\/1\/wp-json\/wp\/v2\/posts\/80898\/revisions\/80899"}],"wp:featuredmedia":[{"embeddable":true,"href":"https:\/\/www.caririemacao.com\/1\/wp-json\/wp\/v2\/media\/69727"}],"wp:attachment":[{"href":"https:\/\/www.caririemacao.com\/1\/wp-json\/wp\/v2\/media?parent=80898"}],"wp:term":[{"taxonomy":"category","embeddable":true,"href":"https:\/\/www.caririemacao.com\/1\/wp-json\/wp\/v2\/categories?post=80898"},{"taxonomy":"post_tag","embeddable":true,"href":"https:\/\/www.caririemacao.com\/1\/wp-json\/wp\/v2\/tags?post=80898"}],"curies":[{"name":"wp","href":"https:\/\/api.w.org\/{rel}","templated":true}]}}