{"id":80902,"date":"2019-01-12T15:25:11","date_gmt":"2019-01-12T18:25:11","guid":{"rendered":"http:\/\/www.caririemacao.com\/1\/?p=80902"},"modified":"2019-01-12T15:25:11","modified_gmt":"2019-01-12T18:25:11","slug":"prefeituras-sao-proibidas-de-pagar-advogados-com-verba-do-fundef","status":"publish","type":"post","link":"https:\/\/www.caririemacao.com\/1\/2019\/01\/12\/prefeituras-sao-proibidas-de-pagar-advogados-com-verba-do-fundef\/","title":{"rendered":"Prefeituras s\u00e3o proibidas de pagar advogados com verba do Fundef"},"content":{"rendered":"<p>O presidente do Supremo Tribunal Federal (STF), Dias Toffoli, suspendeu nesta sexta-feira (11) decis\u00f5es judiciais que autorizavam prefeituras a pagar advogados com dinheiro do Fundo Nacional de Desenvolvimento do Ensino Fundamental (Fundef).<\/p>\n<p>Ao suspender as decis\u00f5es, Toffoli atendeu a um pedido apresentado em 15 de dezembro pela procuradora-geral da Rep\u00fablica, Raquel Dodge.<\/p>\n<p>A chefe do Minist\u00e9rio P\u00fablico argumentou que os munic\u00edpios n\u00e3o podem usar recursos destinados \u00e0 educa\u00e7\u00e3o para pagar honor\u00e1rios advocat\u00edcios. O valor, diz a PGR, chega a R$ 90 bilh\u00f5es.<\/p>\n<p>Ao analisar o pedido, Toffoli entendeu que o Supremo j\u00e1 reconheceu que o dinheiro do fundo \u00e9 \u201cexclusivamente ao uso em educa\u00e7\u00e3o p\u00fablica e a nenhum outro fim\u201d. Para ele, h\u00e1 \u201cchapada inconstitucionalidade\u201d no uso dos recursos para pagar advogados.<\/p>\n<p>\u201cTrata-se de situa\u00e7\u00e3o de chapada inconstitucionalidade, potencialmente lesiva \u00e0 educa\u00e7\u00e3o p\u00fablica em in\u00fameros munic\u00edpios, carentes de recursos para implementar pol\u00edticas nessa \u00e1rea e que pode redundar em preju\u00edzos irrepar\u00e1veis \u00e0 educa\u00e7\u00e3o de milhares de crian\u00e7as e adolescentes por este pa\u00eds afora, em situa\u00e7\u00e3o \u2013 repita-se \u2013 virtualmente irrevers\u00edvel\u201d, escreveu.<br \/>\nO presidente do Supremo considerou que o pa\u00eds \u00e9 prejudicado com educa\u00e7\u00e3o de baixa qualidade, o que retarda o desenvolvimento do Brasil.<\/p>\n<p>Toffoli apontou, ainda, que as a\u00e7\u00f5es sobre o tema representam um fato que \u201cn\u00e3o pode ser negligenciado\u201d, pois pode alcan\u00e7ar \u201ccifra que n\u00e3o se mostra nada desprez\u00edvel\u201d.<\/p>\n<p>O ministro frisou que o pagamento \u00e0s prefeituras \u00e9 constitucional por ser determinado em raz\u00e3o de erros no c\u00e1lculo. A ilegalidade est\u00e1 no fato de as prefeituras utilizarem os recursos para pagar honor\u00e1rios.<\/p>\n<p><strong>Entenda o caso<\/strong><br \/>\nSegundo Raquel Dodge, prefeituras passaram a acionar a Justi\u00e7a exigindo uma fatia maior do Fundef em raz\u00e3o de erros no c\u00e1lculo.<\/p>\n<p>A partir do reconhecimento pelo juiz de que a cidade tinha direito a receber mais recursos, era gerado o precat\u00f3rio \u2013 ordem judicial para o poder p\u00fablico incluir no or\u00e7amento o valor necess\u00e1rio para o pagamento da d\u00edvida.<\/p>\n<p>Com aval da Justi\u00e7a, muitos munic\u00edpios, ent\u00e3o, passaram a usar parte do precat\u00f3rio referente ao Fundef para pagar os advogados que haviam atuado no caso.<\/p>\n<p>O minist\u00e9rio P\u00fablico diz ter identificado casos de escrit\u00f3rios contratados sem licita\u00e7\u00e3o.<\/p>\n<p>Para Raquel Dodge, houve \u201cgrave les\u00e3o \u00e0 ordem e \u00e0 economia p\u00fablicas\u201d.<\/p>\n","protected":false},"excerpt":{"rendered":"<p>O presidente do Supremo Tribunal Federal (STF), Dias Toffoli, suspendeu nesta sexta-feira (11) decis\u00f5es judiciais que autorizavam prefeituras a pagar advogados com dinheiro do Fundo&hellip; <\/p>\n","protected":false},"author":1,"featured_media":19492,"comment_status":"closed","ping_status":"closed","sticky":false,"template":"","format":"standard","meta":{"sfsi_plus_gutenberg_text_before_share":"","sfsi_plus_gutenberg_show_text_before_share":"","sfsi_plus_gutenberg_icon_type":"","sfsi_plus_gutenberg_icon_alignemt":"","sfsi_plus_gutenburg_max_per_row":"","footnotes":""},"categories":[2],"tags":[],"class_list":["post-80902","post","type-post","status-publish","format-standard","has-post-thumbnail","hentry","category-geral"],"_links":{"self":[{"href":"https:\/\/www.caririemacao.com\/1\/wp-json\/wp\/v2\/posts\/80902","targetHints":{"allow":["GET"]}}],"collection":[{"href":"https:\/\/www.caririemacao.com\/1\/wp-json\/wp\/v2\/posts"}],"about":[{"href":"https:\/\/www.caririemacao.com\/1\/wp-json\/wp\/v2\/types\/post"}],"author":[{"embeddable":true,"href":"https:\/\/www.caririemacao.com\/1\/wp-json\/wp\/v2\/users\/1"}],"replies":[{"embeddable":true,"href":"https:\/\/www.caririemacao.com\/1\/wp-json\/wp\/v2\/comments?post=80902"}],"version-history":[{"count":1,"href":"https:\/\/www.caririemacao.com\/1\/wp-json\/wp\/v2\/posts\/80902\/revisions"}],"predecessor-version":[{"id":80903,"href":"https:\/\/www.caririemacao.com\/1\/wp-json\/wp\/v2\/posts\/80902\/revisions\/80903"}],"wp:featuredmedia":[{"embeddable":true,"href":"https:\/\/www.caririemacao.com\/1\/wp-json\/wp\/v2\/media\/19492"}],"wp:attachment":[{"href":"https:\/\/www.caririemacao.com\/1\/wp-json\/wp\/v2\/media?parent=80902"}],"wp:term":[{"taxonomy":"category","embeddable":true,"href":"https:\/\/www.caririemacao.com\/1\/wp-json\/wp\/v2\/categories?post=80902"},{"taxonomy":"post_tag","embeddable":true,"href":"https:\/\/www.caririemacao.com\/1\/wp-json\/wp\/v2\/tags?post=80902"}],"curies":[{"name":"wp","href":"https:\/\/api.w.org\/{rel}","templated":true}]}}