{"id":80910,"date":"2019-01-12T15:35:56","date_gmt":"2019-01-12T18:35:56","guid":{"rendered":"http:\/\/www.caririemacao.com\/1\/?p=80910"},"modified":"2019-01-12T15:35:56","modified_gmt":"2019-01-12T18:35:56","slug":"saude-alerta-sobre-risco-de-casa-se-transformar-em-criadouro-do-mosquito-aedes","status":"publish","type":"post","link":"https:\/\/www.caririemacao.com\/1\/2019\/01\/12\/saude-alerta-sobre-risco-de-casa-se-transformar-em-criadouro-do-mosquito-aedes\/","title":{"rendered":"Sa\u00fade alerta sobre risco de casa se transformar em criadouro do mosquito Aedes"},"content":{"rendered":"<p>A Prefeitura Municipal de Campina Grande, atrav\u00e9s de sua Secretaria de Sa\u00fade, divulgou o primeiro Levantamento R\u00e1pido de \u00cdndice de Infesta\u00e7\u00e3o (LIRAa), que cont\u00e9m os dados sobre a prolifera\u00e7\u00e3o do mosquito Aedes aegypti, respons\u00e1vel por doen\u00e7as como dengue, zika, chikungunya e m\u00e1 forma\u00e7\u00e3o em beb\u00eas, como microcefalia.<\/p>\n<div class=\"content\">\n<p>Em entrevista, a coordenadora de Vigil\u00e2ncia Ambiental, Rossandra Oliveira, explicou que o per\u00edodo do ver\u00e3o \u00e9 prop\u00edcio para o desenvolvimento do mosquito e que outros fatores tamb\u00e9m contribuem para que ele se prolifere.<\/p>\n<div id=\"attachment_558289\" class=\"wp-caption aligncenter\"><img decoding=\"async\" class=\"wp-image-558289 size-full lazyload\" data-src=\"https:\/\/paraibaonline.com.br\/wp-content\/uploads\/2019\/01\/aedes1101a.jpg\" data-srcset=\"https:\/\/paraibaonline.com.br\/wp-content\/uploads\/2019\/01\/aedes1101a.jpg 900w, https:\/\/paraibaonline.com.br\/wp-content\/uploads\/2019\/01\/aedes1101a-567x375.jpg 567w\" alt=\"Foto: Codecom\/CG\" src=\"data:image\/svg+xml;base64,PHN2ZyB3aWR0aD0iMSIgaGVpZ2h0PSIxIiB4bWxucz0iaHR0cDovL3d3dy53My5vcmcvMjAwMC9zdmciPjwvc3ZnPg==\" \/><\/p>\n<p class=\"wp-caption-text\">Foto: Codecom\/CG<\/p>\n<\/div>\n<p>\u2013 O balan\u00e7o que temos do primeiro LIRAa de 2019 \u00e9 o m\u00e9dio risco para o munic\u00edpio de Campina Grande. Que nos deixa sob alerta as incid\u00eancias das arboviroses. O per\u00edodo \u00e9 prop\u00edcio devido \u00e0 alta temperatura, as pessoas est\u00e3o em veraneio e a gente d\u00e1 aquela esquecidinha na limpeza dos nossos quintais. As chuvas espor\u00e1dicas, temperatura elevada, presen\u00e7a do Aedes em todos os bairros de Campina, tudo isso nos deixa em alerta m\u00e1ximo e total. As arboviroses podem limitar as pessoas, tirar vidas ou causar danos irrepar\u00e1veis, como a microcefalia transmitida pelo zika v\u00edrus \u2013 salientou.<\/p>\n<p>Ela tamb\u00e9m fez um apelo \u00e0s pessoas para que cuidem dos seus quintais, para evitar que as casas virem criadouros do mosquito.<\/p>\n<p>\u2013 A maior concentra\u00e7\u00e3o de focos continua sendo ton\u00e9is e caixas d\u2019\u00e1gua a n\u00edvel de ch\u00e3o, onde eu e voc\u00ea podemos fazer o nosso trabalho fazendo a boa veda\u00e7\u00e3o e olhando pelo menos uma vez na semana nesses dep\u00f3sitos. Fazer o faxina\u00e7o no quintal, olhar calhas, bicas, para que a gente n\u00e3o venha deixar nossa casa virar um criadouro de Aedes. A preven\u00e7\u00e3o \u00e9 o melhor combate \u2013 alertou.<\/p>\n<p>&nbsp;<\/p>\n<p>&nbsp;<\/p>\n<p>R\u00e1dio Caturit\u00e9 FM<\/p>\n<\/div>\n","protected":false},"excerpt":{"rendered":"<p>A Prefeitura Municipal de Campina Grande, atrav\u00e9s de sua Secretaria de Sa\u00fade, divulgou o primeiro Levantamento R\u00e1pido de \u00cdndice de Infesta\u00e7\u00e3o (LIRAa), que cont\u00e9m os&hellip; <\/p>\n","protected":false},"author":1,"featured_media":7402,"comment_status":"closed","ping_status":"closed","sticky":false,"template":"","format":"standard","meta":{"sfsi_plus_gutenberg_text_before_share":"","sfsi_plus_gutenberg_show_text_before_share":"","sfsi_plus_gutenberg_icon_type":"","sfsi_plus_gutenberg_icon_alignemt":"","sfsi_plus_gutenburg_max_per_row":"","footnotes":""},"categories":[16],"tags":[],"class_list":["post-80910","post","type-post","status-publish","format-standard","has-post-thumbnail","hentry","category-saude"],"_links":{"self":[{"href":"https:\/\/www.caririemacao.com\/1\/wp-json\/wp\/v2\/posts\/80910","targetHints":{"allow":["GET"]}}],"collection":[{"href":"https:\/\/www.caririemacao.com\/1\/wp-json\/wp\/v2\/posts"}],"about":[{"href":"https:\/\/www.caririemacao.com\/1\/wp-json\/wp\/v2\/types\/post"}],"author":[{"embeddable":true,"href":"https:\/\/www.caririemacao.com\/1\/wp-json\/wp\/v2\/users\/1"}],"replies":[{"embeddable":true,"href":"https:\/\/www.caririemacao.com\/1\/wp-json\/wp\/v2\/comments?post=80910"}],"version-history":[{"count":1,"href":"https:\/\/www.caririemacao.com\/1\/wp-json\/wp\/v2\/posts\/80910\/revisions"}],"predecessor-version":[{"id":80911,"href":"https:\/\/www.caririemacao.com\/1\/wp-json\/wp\/v2\/posts\/80910\/revisions\/80911"}],"wp:featuredmedia":[{"embeddable":true,"href":"https:\/\/www.caririemacao.com\/1\/wp-json\/wp\/v2\/media\/7402"}],"wp:attachment":[{"href":"https:\/\/www.caririemacao.com\/1\/wp-json\/wp\/v2\/media?parent=80910"}],"wp:term":[{"taxonomy":"category","embeddable":true,"href":"https:\/\/www.caririemacao.com\/1\/wp-json\/wp\/v2\/categories?post=80910"},{"taxonomy":"post_tag","embeddable":true,"href":"https:\/\/www.caririemacao.com\/1\/wp-json\/wp\/v2\/tags?post=80910"}],"curies":[{"name":"wp","href":"https:\/\/api.w.org\/{rel}","templated":true}]}}