{"id":80915,"date":"2019-01-12T15:40:14","date_gmt":"2019-01-12T18:40:14","guid":{"rendered":"http:\/\/www.caririemacao.com\/1\/?p=80915"},"modified":"2019-01-12T15:40:14","modified_gmt":"2019-01-12T18:40:14","slug":"ligia-feliciano-participa-de-encontro-nacional-e-anuncia-projeto-pdt-digital-na-pb","status":"publish","type":"post","link":"https:\/\/www.caririemacao.com\/1\/2019\/01\/12\/ligia-feliciano-participa-de-encontro-nacional-e-anuncia-projeto-pdt-digital-na-pb\/","title":{"rendered":"L\u00edgia Feliciano participa de encontro nacional e anuncia projeto PDT Digital na PB"},"content":{"rendered":"<p>A vice-governadora da Para\u00edba, L\u00edgia Feliciano, participou nesta sexta-feira (11) da reuni\u00e3o da Executiva Nacional do PDT, na sede nacional da Funda\u00e7\u00e3o Leonel Brizola, no Rio de Janeiro.<\/p>\n<p>No primeiro dia do evento, foi apresentado o projeto de implanta\u00e7\u00e3o da filia\u00e7\u00e3o on-line e o in\u00edcio do projeto PDT Digital.<\/p>\n<p>\u201cO Partido Democr\u00e1tico Trabalhista entrou na era digital. Para se filiar, o interessado vai fazer o aplicativo do PDT e atrav\u00e9s da ficha de cadastro dispon\u00edvel tamb\u00e9m na internet. Vamos fazer o lan\u00e7amento em breve na Para\u00edba, pois a procura por filia\u00e7\u00f5es ao partido \u00e9 grande por todos os segmentos da sociedade no Estado\u201d, enfatizou L\u00edgia, que \u00e9 vice-presidente nacional do partido.<\/p>\n<p>O evento foi aberto pelo presidente nacional do PDT, Carlos Lupi. O ex-candidato a presidente da Rep\u00fablica, Ciro Gomes, ressaltou a necessidade do partido fiscalizar as a\u00e7\u00f5es nos primeiros 100 dias do novo governo federal.<\/p>\n<p>Membro do Diret\u00f3rio Nacional do PDT, o deputado federal Dami\u00e3o Feliciano tamb\u00e9m participou do primeiro dia do encontro.<\/p>\n<div id=\"attachment_558616\" class=\"wp-caption alignnone\"><img decoding=\"async\" class=\"wp-image-558616 size-medium lazyload\" data-src=\"https:\/\/paraibaonline.com.br\/wp-content\/uploads\/2019\/01\/Encontro-Nacional-do-PDT-556x417.jpg\" data-srcset=\"https:\/\/paraibaonline.com.br\/wp-content\/uploads\/2019\/01\/Encontro-Nacional-do-PDT-556x417.jpg 556w, https:\/\/paraibaonline.com.br\/wp-content\/uploads\/2019\/01\/Encontro-Nacional-do-PDT.jpg 800w\" alt=\"\" src=\"data:image\/svg+xml;base64,PHN2ZyB3aWR0aD0iMSIgaGVpZ2h0PSIxIiB4bWxucz0iaHR0cDovL3d3dy53My5vcmcvMjAwMC9zdmciPjwvc3ZnPg==\" style=\"--smush-placeholder-width: 556px; --smush-placeholder-aspect-ratio: 556\/417;\" \/><\/p>\n<p class=\"wp-caption-text\">Foto: Ascom<\/p>\n<\/div>\n<p>Ainda foram discutidas as Conven\u00e7\u00f5es Partid\u00e1rias, Conven\u00e7\u00e3o Nacional e Resolu\u00e7\u00e3o Partid\u00e1ria e Conselho Curador da Funda\u00e7\u00e3o Leonel Brizola \u2013 Alberto Pasqualini.<\/p>\n<p>Elei\u00e7\u00f5es municipais<\/p>\n<p>O encontro prossegue, neste s\u00e1bado (12), no Rio de Janeiro, com a discuss\u00e3o sobre o Projeto PDT 2020, incluindo elei\u00e7\u00f5es municipais, elei\u00e7\u00f5es dos l\u00edderes do PDT na C\u00e2mara dos Deputados e no Senado Federal, al\u00e9m de assuntos gerais.<\/p>\n","protected":false},"excerpt":{"rendered":"<p>A vice-governadora da Para\u00edba, L\u00edgia Feliciano, participou nesta sexta-feira (11) da reuni\u00e3o da Executiva Nacional do PDT, na sede nacional da Funda\u00e7\u00e3o Leonel Brizola, no&hellip; <\/p>\n","protected":false},"author":1,"featured_media":80917,"comment_status":"closed","ping_status":"closed","sticky":false,"template":"","format":"standard","meta":{"sfsi_plus_gutenberg_text_before_share":"","sfsi_plus_gutenberg_show_text_before_share":"","sfsi_plus_gutenberg_icon_type":"","sfsi_plus_gutenberg_icon_alignemt":"","sfsi_plus_gutenburg_max_per_row":"","footnotes":""},"categories":[11],"tags":[],"class_list":["post-80915","post","type-post","status-publish","format-standard","has-post-thumbnail","hentry","category-politica"],"_links":{"self":[{"href":"https:\/\/www.caririemacao.com\/1\/wp-json\/wp\/v2\/posts\/80915","targetHints":{"allow":["GET"]}}],"collection":[{"href":"https:\/\/www.caririemacao.com\/1\/wp-json\/wp\/v2\/posts"}],"about":[{"href":"https:\/\/www.caririemacao.com\/1\/wp-json\/wp\/v2\/types\/post"}],"author":[{"embeddable":true,"href":"https:\/\/www.caririemacao.com\/1\/wp-json\/wp\/v2\/users\/1"}],"replies":[{"embeddable":true,"href":"https:\/\/www.caririemacao.com\/1\/wp-json\/wp\/v2\/comments?post=80915"}],"version-history":[{"count":1,"href":"https:\/\/www.caririemacao.com\/1\/wp-json\/wp\/v2\/posts\/80915\/revisions"}],"predecessor-version":[{"id":80918,"href":"https:\/\/www.caririemacao.com\/1\/wp-json\/wp\/v2\/posts\/80915\/revisions\/80918"}],"wp:featuredmedia":[{"embeddable":true,"href":"https:\/\/www.caririemacao.com\/1\/wp-json\/wp\/v2\/media\/80917"}],"wp:attachment":[{"href":"https:\/\/www.caririemacao.com\/1\/wp-json\/wp\/v2\/media?parent=80915"}],"wp:term":[{"taxonomy":"category","embeddable":true,"href":"https:\/\/www.caririemacao.com\/1\/wp-json\/wp\/v2\/categories?post=80915"},{"taxonomy":"post_tag","embeddable":true,"href":"https:\/\/www.caririemacao.com\/1\/wp-json\/wp\/v2\/tags?post=80915"}],"curies":[{"name":"wp","href":"https:\/\/api.w.org\/{rel}","templated":true}]}}