{"id":80921,"date":"2019-01-12T15:49:44","date_gmt":"2019-01-12T18:49:44","guid":{"rendered":"http:\/\/www.caririemacao.com\/1\/?p=80921"},"modified":"2019-01-12T15:49:44","modified_gmt":"2019-01-12T18:49:44","slug":"deputada-federal-por-sao-paulo-diz-que-ricardo-coutinho-seria-seu-candidato-a-presidencia-ouca","status":"publish","type":"post","link":"https:\/\/www.caririemacao.com\/1\/2019\/01\/12\/deputada-federal-por-sao-paulo-diz-que-ricardo-coutinho-seria-seu-candidato-a-presidencia-ouca\/","title":{"rendered":"Deputada federal por S\u00e3o Paulo diz que Ricardo Coutinho seria seu candidato \u00e0 presid\u00eancia; ou\u00e7a"},"content":{"rendered":"<p>A deputada federal por S\u00e3o Paulo, Luiza Erundina (PSOL), se encontra na Para\u00edba neste final de semana. J\u00e1 nessa sexta-feira (11), a paraibana recebeu homenagens e participou de eventos em Uira\u00fana, sua cidade Natal. Na ocasi\u00e3o, ela lamentou o fato de sua carreira pol\u00edtica n\u00e3o ter sido no Estado, por\u00e9m, se disse bem representada pelo ex-governador Ricardo Coutinho (PSB), a quem ela atribuiu ser seu candidato em uma eventual disputa pela presid\u00eancia da Rep\u00fablica.<\/p>\n<p>\u201c\u00c9 um dos poucos estados [a Para\u00edba] neste pa\u00eds que n\u00e3o est\u00e3o com as finan\u00e7as falidas. \u00c9 um estado, pobre, que est\u00e1 sendo refer\u00eancia e ele [Ricardo Coutinho] deixa o Estado em uma condi\u00e7\u00e3o muito melhor do que muitos estados do Sul e Sudeste. \u00c9 um exemplo, uma refer\u00eancia. Eu gostaria, quem sabe, de ter Ricardo Coutinho candidato \u00e0 presidente da Rep\u00fablica. Ele seria meu candidato. Tenho orgulho de ter tido esse governador duas vezes no meu Estado\u201d, afirmou.<\/p>\n<p>Luiza Erundina foi reeleita para mais quatro anos na C\u00e2mara Federal. A pol\u00edtica paraibana j\u00e1 foi prefeita de S\u00e3o Paulo entre 1989 e 1993, quando ainda compunha os quadros do PT e tamb\u00e9m j\u00e1 foi filiada ao PSB. Ela n\u00e3o visitava Uira\u00fana desde 1994.<\/p>\n<p>Confira a entrevista \u00e0 r\u00e1dio Alto Piranhas:<\/p>\n<p><!-- [if lt IE 9]><script>document.createElement('audio');<\/script><![endif]--> <span class=\"mejs-offscreen\">Tocador de \u00e1udio<\/span><\/p>\n<div id=\"mep_0\" class=\"mejs-container wp-audio-shortcode mejs-audio mejs-container-keyboard-inactive\" tabindex=\"0\" role=\"application\" aria-label=\"Tocador de \u00e1udio\">\n<div class=\"mejs-inner\">\n<div class=\"mejs-mediaelement\"><audio id=\"audio-135902-1_html5\" class=\"wp-audio-shortcode\" src=\"https:\/\/paraibaja.com.br\/wp-content\/uploads\/2019\/01\/Luiza-Erondina-fala-sobre-Ricardo-Coutinho-11-01-2019.mp3?_=1\" preload=\"none\" data-mce-fragment=\"1\"><source src=\"https:\/\/paraibaja.com.br\/wp-content\/uploads\/2019\/01\/Luiza-Erondina-fala-sobre-Ricardo-Coutinho-11-01-2019.mp3?_=1\" type=\"audio\/mpeg\" \/><a href=\"https:\/\/paraibaja.com.br\/wp-content\/uploads\/2019\/01\/Luiza-Erondina-fala-sobre-Ricardo-Coutinho-11-01-2019.mp3\">https:\/\/paraibaja.com.br\/wp-content\/uploads\/2019\/01\/Luiza-Erondina-fala-sobre-Ricardo-Coutinho-11-01-2019.mp3<\/a><\/audio><\/div>\n<div class=\"mejs-layers\">\n<div class=\"mejs-poster mejs-layer\"><\/div>\n<\/div>\n<div class=\"mejs-controls\">\n<div class=\"mejs-horizontal-volume-handle\"><\/div>\n<\/div>\n<\/div>\n<\/div>\n","protected":false},"excerpt":{"rendered":"<p>A deputada federal por S\u00e3o Paulo, Luiza Erundina (PSOL), se encontra na Para\u00edba neste final de semana. J\u00e1 nessa sexta-feira (11), a paraibana recebeu homenagens&hellip; <\/p>\n","protected":false},"author":1,"featured_media":43797,"comment_status":"closed","ping_status":"closed","sticky":false,"template":"","format":"standard","meta":{"sfsi_plus_gutenberg_text_before_share":"","sfsi_plus_gutenberg_show_text_before_share":"","sfsi_plus_gutenberg_icon_type":"","sfsi_plus_gutenberg_icon_alignemt":"","sfsi_plus_gutenburg_max_per_row":"","footnotes":""},"categories":[11],"tags":[],"class_list":["post-80921","post","type-post","status-publish","format-standard","has-post-thumbnail","hentry","category-politica"],"_links":{"self":[{"href":"https:\/\/www.caririemacao.com\/1\/wp-json\/wp\/v2\/posts\/80921","targetHints":{"allow":["GET"]}}],"collection":[{"href":"https:\/\/www.caririemacao.com\/1\/wp-json\/wp\/v2\/posts"}],"about":[{"href":"https:\/\/www.caririemacao.com\/1\/wp-json\/wp\/v2\/types\/post"}],"author":[{"embeddable":true,"href":"https:\/\/www.caririemacao.com\/1\/wp-json\/wp\/v2\/users\/1"}],"replies":[{"embeddable":true,"href":"https:\/\/www.caririemacao.com\/1\/wp-json\/wp\/v2\/comments?post=80921"}],"version-history":[{"count":1,"href":"https:\/\/www.caririemacao.com\/1\/wp-json\/wp\/v2\/posts\/80921\/revisions"}],"predecessor-version":[{"id":80922,"href":"https:\/\/www.caririemacao.com\/1\/wp-json\/wp\/v2\/posts\/80921\/revisions\/80922"}],"wp:featuredmedia":[{"embeddable":true,"href":"https:\/\/www.caririemacao.com\/1\/wp-json\/wp\/v2\/media\/43797"}],"wp:attachment":[{"href":"https:\/\/www.caririemacao.com\/1\/wp-json\/wp\/v2\/media?parent=80921"}],"wp:term":[{"taxonomy":"category","embeddable":true,"href":"https:\/\/www.caririemacao.com\/1\/wp-json\/wp\/v2\/categories?post=80921"},{"taxonomy":"post_tag","embeddable":true,"href":"https:\/\/www.caririemacao.com\/1\/wp-json\/wp\/v2\/tags?post=80921"}],"curies":[{"name":"wp","href":"https:\/\/api.w.org\/{rel}","templated":true}]}}