{"id":80923,"date":"2019-01-12T15:52:19","date_gmt":"2019-01-12T18:52:19","guid":{"rendered":"http:\/\/www.caririemacao.com\/1\/?p=80923"},"modified":"2019-01-12T15:52:19","modified_gmt":"2019-01-12T18:52:19","slug":"joao-azevedo-e-primeira-dama-visitam-29o-salao-de-artesanato-da-paraiba","status":"publish","type":"post","link":"https:\/\/www.caririemacao.com\/1\/2019\/01\/12\/joao-azevedo-e-primeira-dama-visitam-29o-salao-de-artesanato-da-paraiba\/","title":{"rendered":"Jo\u00e3o Azev\u00eado e primeira-dama visitam 29\u00ba Sal\u00e3o de Artesanato da Para\u00edba"},"content":{"rendered":"<p>O governador Jo\u00e3o Azev\u00eado e a primeira-dama, Ana Maria Sales Lins, visitaram, nesta sexta-feira (11), o 29\u00ba Sal\u00e3o de Artesanato da Para\u00edba, montado na Pra\u00e7a do Povo do Espa\u00e7o Cultural Jos\u00e9 Lins do R\u00eago, em Jo\u00e3o Pessoa. Na ocasi\u00e3o, o chefe do Executivo estadual destacou a pretens\u00e3o do Governo de apresentar o talento dos artes\u00e3os paraibanos a v\u00e1rios Estados do pa\u00eds.<\/p>\n<p>\u201cBasta visitar uma feira como essa que \u00e9 poss\u00edvel observar n\u00e3o s\u00f3 a diversidade, mas a qualidade do artesanato da Para\u00edba, que \u00e9 um dos melhores do Brasil. Vamos fazer com que isso chegue em outros lugares, em outros Estados e para mais pessoas. N\u00f3s vamos investir cada vez mais no artesanato\u201d, assegurou.<\/p>\n<div class=\"td-a-rec td-a-rec-id-content_inline  \"><span class=\"td-adspot-title\">Ao lado da primeira-dama e de auxiliares do Governo, Jo\u00e3o Azev\u00eado visitou todos os estandes do Sal\u00e3o de Artesanato e recebeu o reconhecimento dos artes\u00e3os pelo esfor\u00e7o da gest\u00e3o de promover a cultura popular paraibana.<\/span><\/div>\n<p>O secret\u00e1rio do Turismo e Desenvolvimento Econ\u00f4mico, Gustavo Feliciano, destacou a grandiosidade do evento e a sua import\u00e2ncia para a promo\u00e7\u00e3o do turismo do Estado. \u201cO Sal\u00e3o j\u00e1 \u00e9 refer\u00eancia no calend\u00e1rio, tanto para os turistas que visitam a Para\u00edba, quanto para os artes\u00e3os que comercializam seus produtos de in\u00fameros lugares do Estado. N\u00f3s apresentamos os quatro cantos da Para\u00edba nesse Sal\u00e3o e os turistas levam isso para o mundo inteiro\u201d, afirmou.<\/p>\n<p>Representando o Programa do Artesanato da Para\u00edba (PAP), Marielza Rodriguez, enalteceu a miss\u00e3o do programa de estimular o empreendedorismo dos artes\u00e3os. \u201cN\u00f3s estamos trazendo o empreendedorismo para dentro do artesanato. Nessa perspectiva, n\u00f3s vamos trabalhar a cadeia produtiva de forma geral, levando em considera\u00e7\u00e3o, principalmente, a capacita\u00e7\u00e3o do artes\u00e3o para que ele caminhe com as pr\u00f3prias pernas e possa estar preparado para o mercado\u201d, disse.<\/p>\n<p>O secret\u00e1rio de Cultura do Estado, Dami\u00e3o Ramos, garantiu que o Governo ir\u00e1 fortalecer os incentivos \u00e0s atividades populares. \u201cFeiras como essas representam o est\u00edmulo para se mostrar o que o povo produz como arte popular. A preocupa\u00e7\u00e3o do governo vai al\u00e9m e visa estimular uma produ\u00e7\u00e3o cada vez mais crescente para resgatar os valores folcl\u00f3ricos e culturais\u201d, enfatizou.<\/p>\n<p>A artes\u00e3 Edileide Cabral, que participa pela primeira vez do Sal\u00e3o de Artesanato, disse estar emocionada e revelou que suas pe\u00e7as, feitas com argila, j\u00e1 foram levadas para v\u00e1rios Estados do Brasil e para a It\u00e1lia. \u201cEssa feira \u00e9 um presente para todos os artes\u00e3os. \u00c9 um espa\u00e7o maravilhoso onde a gente recebe um estande bem organizado e temos a oportunidade de passar um m\u00eas expondo o nosso trabalho e isso se torna uma verdadeira vitrine porque as pessoas compram e fazem encomendas\u201d, comentou.<\/p>\n<p>A artes\u00e3 Lia Caju, que integra a Associa\u00e7\u00e3o das Marisqueiras de Aca\u00fa, disse que os artes\u00e3os da Para\u00edba est\u00e3o confiantes de que os projetos para fomentar o artesanato ir\u00e3o resultar no aumento das vendas dos produtos.<\/p>\n<p>O funcion\u00e1rio p\u00fablico Josivaldo Alves, que foi conhecer a feira ao lado da fam\u00edlia, elogiou a organiza\u00e7\u00e3o do evento e o trabalho dos artes\u00e3os. \u201c\u00c9 uma verdadeira maravilha para n\u00f3s, \u00e9 muito interessante e recomendo que todos venham conhecer o Sal\u00e3o do Artesanato, uma riqueza para o povo paraibano\u201d, evidenciou.-**<\/p>\n<p>O 29\u00ba Sal\u00e3o de Artesanato foi aberto no dia 18 de dezembro e ser\u00e1 encerrado neste domingo (13). A edi\u00e7\u00e3o atual tem como tema \u201cO Artesanato \u2013 a economia criativa no turismo\u201d, e homenageia o munic\u00edpio de Cabaceiras \u2013 a \u2018Roli\u00fade Nordestina\u2019 \u2013 que al\u00e9m da forte atua\u00e7\u00e3o no turismo, se destaca pelo artesanato, cuja tipologia principal \u00e9 o couro.<\/p>\n<p>O evento, promovido pela Secretaria do Turismo e Desenvolvimento Econ\u00f4mico e pelo Programa do Artesanato da Para\u00edba, exp\u00f5e os trabalhos de 389 artes\u00e3os de 76 munic\u00edpios paraibanos.<\/p>\n","protected":false},"excerpt":{"rendered":"<p>O governador Jo\u00e3o Azev\u00eado e a primeira-dama, Ana Maria Sales Lins, visitaram, nesta sexta-feira (11), o 29\u00ba Sal\u00e3o de Artesanato da Para\u00edba, montado na Pra\u00e7a&hellip; <\/p>\n","protected":false},"author":1,"featured_media":80924,"comment_status":"closed","ping_status":"closed","sticky":false,"template":"","format":"standard","meta":{"sfsi_plus_gutenberg_text_before_share":"","sfsi_plus_gutenberg_show_text_before_share":"","sfsi_plus_gutenberg_icon_type":"","sfsi_plus_gutenberg_icon_alignemt":"","sfsi_plus_gutenburg_max_per_row":"","footnotes":""},"categories":[11],"tags":[],"class_list":["post-80923","post","type-post","status-publish","format-standard","has-post-thumbnail","hentry","category-politica"],"_links":{"self":[{"href":"https:\/\/www.caririemacao.com\/1\/wp-json\/wp\/v2\/posts\/80923","targetHints":{"allow":["GET"]}}],"collection":[{"href":"https:\/\/www.caririemacao.com\/1\/wp-json\/wp\/v2\/posts"}],"about":[{"href":"https:\/\/www.caririemacao.com\/1\/wp-json\/wp\/v2\/types\/post"}],"author":[{"embeddable":true,"href":"https:\/\/www.caririemacao.com\/1\/wp-json\/wp\/v2\/users\/1"}],"replies":[{"embeddable":true,"href":"https:\/\/www.caririemacao.com\/1\/wp-json\/wp\/v2\/comments?post=80923"}],"version-history":[{"count":1,"href":"https:\/\/www.caririemacao.com\/1\/wp-json\/wp\/v2\/posts\/80923\/revisions"}],"predecessor-version":[{"id":80925,"href":"https:\/\/www.caririemacao.com\/1\/wp-json\/wp\/v2\/posts\/80923\/revisions\/80925"}],"wp:featuredmedia":[{"embeddable":true,"href":"https:\/\/www.caririemacao.com\/1\/wp-json\/wp\/v2\/media\/80924"}],"wp:attachment":[{"href":"https:\/\/www.caririemacao.com\/1\/wp-json\/wp\/v2\/media?parent=80923"}],"wp:term":[{"taxonomy":"category","embeddable":true,"href":"https:\/\/www.caririemacao.com\/1\/wp-json\/wp\/v2\/categories?post=80923"},{"taxonomy":"post_tag","embeddable":true,"href":"https:\/\/www.caririemacao.com\/1\/wp-json\/wp\/v2\/tags?post=80923"}],"curies":[{"name":"wp","href":"https:\/\/api.w.org\/{rel}","templated":true}]}}