{"id":80932,"date":"2019-01-12T16:01:36","date_gmt":"2019-01-12T19:01:36","guid":{"rendered":"http:\/\/www.caririemacao.com\/1\/?p=80932"},"modified":"2019-01-12T16:01:36","modified_gmt":"2019-01-12T19:01:36","slug":"ifpb-modifica-cronograma-do-concurso-publico-e-adia-data-de-prova-objetiva","status":"publish","type":"post","link":"https:\/\/www.caririemacao.com\/1\/2019\/01\/12\/ifpb-modifica-cronograma-do-concurso-publico-e-adia-data-de-prova-objetiva\/","title":{"rendered":"IFPB modifica cronograma do concurso p\u00fablico e adia data de prova objetiva"},"content":{"rendered":"<p>O cronograma do concurso p\u00fablico com vagas para o Instituto Federal da Para\u00edba (IFPB) foi modificado nesta sexta-feira (11) pelo reitor da institui\u00e7\u00e3o, Nic\u00e1cio Lopes. As datas de inscri\u00e7\u00f5es e da realiza\u00e7\u00e3o das provas objetivas foi adiada com a recente mudan\u00e7a no cronograma.<\/p>\n<p>Agora, a realiza\u00e7\u00e3o da prova objetiva est\u00e1 prevista para o dia 31 de mar\u00e7o de 2019, 15 dias depois do que foi inicialmente divulgado. J\u00e1 o per\u00edodo de inscri\u00e7\u00f5es, que come\u00e7aria na pr\u00f3xima ter\u00e7a-feira (15), agora ser\u00e1 entre os dias 29 de janeiro e 25 de fevereiro. A rela\u00e7\u00e3o dos locais de prova dever\u00e1 ser divulgada at\u00e9 o dia 26 de mar\u00e7o. A previs\u00e3o \u00e9 de que o resultado final seja divulgado at\u00e9 o dia 3 de julho de 2019.<\/p>\n<p><a href=\"http:\/\/www.ifpb.edu.br\/concursopublico\/tecnico-administrativo\/vigentes\/edital-147-2018-concurso-publico-tecnico-administrativo\" target=\"true\">Confira as mudan\u00e7as no edital.<\/a><\/p>\n<p>As mudan\u00e7as atingem o edital do concurso p\u00fablico para\u00a0preenchimento de cargos da carreira de T\u00e9cnico-Administrativo em Educa\u00e7\u00e3o nos n\u00edveis C, D e E, de Tradutores e Int\u00e9rpretes de Libras e do cargo de Professor do Ensino B\u00e1sico, T\u00e9cnico e Tecnol\u00f3gico (EBTT). De acordo com a Comiss\u00e3o Permanente de Concurso P\u00fablico (Compec), as modifica\u00e7\u00f5es feitas nos editais atingem somente o cronograma do certame.<\/p>\n<p>As mudan\u00e7as tamb\u00e9m atingem o edital do concurso para Tradutores e Int\u00e9rpretes de Libras cujas inscri\u00e7\u00f5es ter\u00e3o in\u00edcio no dia 29 de janeiro. O edital do concurso para Docentes tamb\u00e9m teve modifica\u00e7\u00f5es em seu cronograma. As altera\u00e7\u00f5es nestes dois editais em breve ser\u00e3o publicizadas.<\/p>\n<p><strong>Cargos t\u00e9cnico-administrativos<\/strong><\/p>\n<p>O\u00a0IFPB\u00a0publicou edital com 36 vagas em cargos t\u00e9cnico-administrativos com exig\u00eancia de n\u00edvel m\u00e9dio, m\u00e9dio com ensino profissionalizante e superior. O cargo com mais vagas \u00e9 assistente em administra\u00e7\u00e3o, com cinco no total.<\/p>\n<p>Os vencimentos b\u00e1sicos v\u00e3o de R$ 1.945,07 a R$ 4.180,66, dependendo dos cargos. A esse valor soma-se ainda o aux\u00edlio alimenta\u00e7\u00e3o.<\/p>\n<p><strong>Cargos de professor<\/strong><\/p>\n<p>Outro edital do IFPB trouxe 90 vagas para provimento do\u00a0cargo de professor efetivo de Ensino B\u00e1sico, T\u00e9cnico e Tecnol\u00f3gico na institui\u00e7\u00e3o.<\/p>\n<p>Os sal\u00e1rios a serem percebidos pelos candidatos contratados correspondem ao vencimento, que observar\u00e1 a titula\u00e7\u00e3o apresentada pelo candidato no momento de sua nomea\u00e7\u00e3o (Gradua\u00e7\u00e3o R$ 4.463,93; Aperfei\u00e7oamento R$ 4.892,44; Especializa\u00e7\u00e3o R$ 5.288,05; Mestrado R$ 6.668,20; Doutorado R$ 9.600,92), acrescido do valor do aux\u00edlio-alimenta\u00e7\u00e3o (R$ 458,00) e de vantagens, benef\u00edcios e adicionais previstos na legisla\u00e7\u00e3o (aux\u00edlio pr\u00e9-escolar, aux\u00edlio-transporte, adicional de insalubridade ou periculosidade), quando cab\u00edveis.<\/p>\n<p>&nbsp;<\/p>\n<p>ClickPB<\/p>\n","protected":false},"excerpt":{"rendered":"<p>O cronograma do concurso p\u00fablico com vagas para o Instituto Federal da Para\u00edba (IFPB) foi modificado nesta sexta-feira (11) pelo reitor da institui\u00e7\u00e3o, Nic\u00e1cio Lopes.&hellip; <\/p>\n","protected":false},"author":1,"featured_media":41431,"comment_status":"closed","ping_status":"closed","sticky":false,"template":"","format":"standard","meta":{"sfsi_plus_gutenberg_text_before_share":"","sfsi_plus_gutenberg_show_text_before_share":"","sfsi_plus_gutenberg_icon_type":"","sfsi_plus_gutenberg_icon_alignemt":"","sfsi_plus_gutenburg_max_per_row":"","footnotes":""},"categories":[14],"tags":[],"class_list":["post-80932","post","type-post","status-publish","format-standard","has-post-thumbnail","hentry","category-educacao"],"_links":{"self":[{"href":"https:\/\/www.caririemacao.com\/1\/wp-json\/wp\/v2\/posts\/80932","targetHints":{"allow":["GET"]}}],"collection":[{"href":"https:\/\/www.caririemacao.com\/1\/wp-json\/wp\/v2\/posts"}],"about":[{"href":"https:\/\/www.caririemacao.com\/1\/wp-json\/wp\/v2\/types\/post"}],"author":[{"embeddable":true,"href":"https:\/\/www.caririemacao.com\/1\/wp-json\/wp\/v2\/users\/1"}],"replies":[{"embeddable":true,"href":"https:\/\/www.caririemacao.com\/1\/wp-json\/wp\/v2\/comments?post=80932"}],"version-history":[{"count":1,"href":"https:\/\/www.caririemacao.com\/1\/wp-json\/wp\/v2\/posts\/80932\/revisions"}],"predecessor-version":[{"id":80933,"href":"https:\/\/www.caririemacao.com\/1\/wp-json\/wp\/v2\/posts\/80932\/revisions\/80933"}],"wp:featuredmedia":[{"embeddable":true,"href":"https:\/\/www.caririemacao.com\/1\/wp-json\/wp\/v2\/media\/41431"}],"wp:attachment":[{"href":"https:\/\/www.caririemacao.com\/1\/wp-json\/wp\/v2\/media?parent=80932"}],"wp:term":[{"taxonomy":"category","embeddable":true,"href":"https:\/\/www.caririemacao.com\/1\/wp-json\/wp\/v2\/categories?post=80932"},{"taxonomy":"post_tag","embeddable":true,"href":"https:\/\/www.caririemacao.com\/1\/wp-json\/wp\/v2\/tags?post=80932"}],"curies":[{"name":"wp","href":"https:\/\/api.w.org\/{rel}","templated":true}]}}