{"id":80934,"date":"2019-01-12T16:08:21","date_gmt":"2019-01-12T19:08:21","guid":{"rendered":"http:\/\/www.caririemacao.com\/1\/?p=80934"},"modified":"2019-01-12T16:08:21","modified_gmt":"2019-01-12T19:08:21","slug":"em-busca-de-votos-maia-vem-a-pb-e-se-reune-com-bancada-federal","status":"publish","type":"post","link":"https:\/\/www.caririemacao.com\/1\/2019\/01\/12\/em-busca-de-votos-maia-vem-a-pb-e-se-reune-com-bancada-federal\/","title":{"rendered":"Em busca de votos, Maia vem a PB e se re\u00fane com bancada federal"},"content":{"rendered":"<p>O presidente da C\u00e2mara Federal, Rodrigo Maia (Democratas), vem \u00e0 Para\u00edba, na pr\u00f3xima segunda-feira (14), em busca de votos para reelei\u00e7\u00e3o na Mesa Diretora da Casa.<\/p>\n<p>Na Para\u00edba, o democrata participar\u00e1 de um caf\u00e9-da-manh\u00e3 no apartamento do deputado federal Efraim Filho (Democratas), em Jo\u00e3o Pessoa.<\/p>\n<p>Em seguida, Maia conceder\u00e1 uma entrevista coletiva a imprensa.<\/p>\n<p>Todos os 12 parlamentares eleitos e reeleitos foram convidados para participarem da reuni\u00e3o.<\/p>\n<p>\u00c0s 11h, Rodrigo Maia embarca para o Cear\u00e1, onde se reunir\u00e1 com a bancada federal do estado vizinho.<\/p>\n<p><strong>Roberto Targino e Wallison Bezerra \u2013 MaisPB<\/strong><\/p>\n","protected":false},"excerpt":{"rendered":"<p>O presidente da C\u00e2mara Federal, Rodrigo Maia (Democratas), vem \u00e0 Para\u00edba, na pr\u00f3xima segunda-feira (14), em busca de votos para reelei\u00e7\u00e3o na Mesa Diretora da&hellip; <\/p>\n","protected":false},"author":1,"featured_media":40996,"comment_status":"closed","ping_status":"closed","sticky":false,"template":"","format":"standard","meta":{"sfsi_plus_gutenberg_text_before_share":"","sfsi_plus_gutenberg_show_text_before_share":"","sfsi_plus_gutenberg_icon_type":"","sfsi_plus_gutenberg_icon_alignemt":"","sfsi_plus_gutenburg_max_per_row":"","footnotes":""},"categories":[11],"tags":[],"class_list":["post-80934","post","type-post","status-publish","format-standard","has-post-thumbnail","hentry","category-politica"],"_links":{"self":[{"href":"https:\/\/www.caririemacao.com\/1\/wp-json\/wp\/v2\/posts\/80934","targetHints":{"allow":["GET"]}}],"collection":[{"href":"https:\/\/www.caririemacao.com\/1\/wp-json\/wp\/v2\/posts"}],"about":[{"href":"https:\/\/www.caririemacao.com\/1\/wp-json\/wp\/v2\/types\/post"}],"author":[{"embeddable":true,"href":"https:\/\/www.caririemacao.com\/1\/wp-json\/wp\/v2\/users\/1"}],"replies":[{"embeddable":true,"href":"https:\/\/www.caririemacao.com\/1\/wp-json\/wp\/v2\/comments?post=80934"}],"version-history":[{"count":1,"href":"https:\/\/www.caririemacao.com\/1\/wp-json\/wp\/v2\/posts\/80934\/revisions"}],"predecessor-version":[{"id":80935,"href":"https:\/\/www.caririemacao.com\/1\/wp-json\/wp\/v2\/posts\/80934\/revisions\/80935"}],"wp:featuredmedia":[{"embeddable":true,"href":"https:\/\/www.caririemacao.com\/1\/wp-json\/wp\/v2\/media\/40996"}],"wp:attachment":[{"href":"https:\/\/www.caririemacao.com\/1\/wp-json\/wp\/v2\/media?parent=80934"}],"wp:term":[{"taxonomy":"category","embeddable":true,"href":"https:\/\/www.caririemacao.com\/1\/wp-json\/wp\/v2\/categories?post=80934"},{"taxonomy":"post_tag","embeddable":true,"href":"https:\/\/www.caririemacao.com\/1\/wp-json\/wp\/v2\/tags?post=80934"}],"curies":[{"name":"wp","href":"https:\/\/api.w.org\/{rel}","templated":true}]}}