{"id":80938,"date":"2019-01-12T16:12:02","date_gmt":"2019-01-12T19:12:02","guid":{"rendered":"http:\/\/www.caririemacao.com\/1\/?p=80938"},"modified":"2019-01-12T16:12:02","modified_gmt":"2019-01-12T19:12:02","slug":"conselheira-tutelar-sofre-tentativa-de-feminicidio","status":"publish","type":"post","link":"https:\/\/www.caririemacao.com\/1\/2019\/01\/12\/conselheira-tutelar-sofre-tentativa-de-feminicidio\/","title":{"rendered":"Conselheira tutelar sofre tentativa de feminic\u00eddio"},"content":{"rendered":"<p>Uma conselheira tutelar foi v\u00edtima de tentativa de homic\u00eddio, na manh\u00e3 deste s\u00e1bado (12), em Bom Jesus, no Sert\u00e3o paraibano.<\/p>\n<p>A mulher foi ferida por disparos de arma de fogo efetuados por um homem que depois atirou contra pr\u00f3pria cabe\u00e7a e veio a \u00f3bito.<\/p>\n<p>Francicleia Lopes de Souza, de 34 anos, foi socorrida para o Hospital Regional de Cajazeiras com ferimentos na cabe\u00e7a e no bra\u00e7o.<\/p>\n<p>De acordo com o hospital, ela n\u00e3o corre risco de morte. O corpo de Carlos Ant\u00f4nio, autor dos disparos, ser\u00e1 encaminhado ao Instituto de Medicina Legal, em Patos.<\/p>\n<p>O motivo do crime pode est\u00e1 relacionado a um amor n\u00e3o correspondido.<\/p>\n<p><strong>MaisPB<\/strong><\/p>\n","protected":false},"excerpt":{"rendered":"<p>Uma conselheira tutelar foi v\u00edtima de tentativa de homic\u00eddio, na manh\u00e3 deste s\u00e1bado (12), em Bom Jesus, no Sert\u00e3o paraibano. A mulher foi ferida por&hellip; <\/p>\n","protected":false},"author":1,"featured_media":12247,"comment_status":"closed","ping_status":"closed","sticky":false,"template":"","format":"standard","meta":{"sfsi_plus_gutenberg_text_before_share":"","sfsi_plus_gutenberg_show_text_before_share":"","sfsi_plus_gutenberg_icon_type":"","sfsi_plus_gutenberg_icon_alignemt":"","sfsi_plus_gutenburg_max_per_row":"","footnotes":""},"categories":[50,12],"tags":[],"class_list":["post-80938","post","type-post","status-publish","format-standard","has-post-thumbnail","hentry","category-destaque","category-policia"],"_links":{"self":[{"href":"https:\/\/www.caririemacao.com\/1\/wp-json\/wp\/v2\/posts\/80938","targetHints":{"allow":["GET"]}}],"collection":[{"href":"https:\/\/www.caririemacao.com\/1\/wp-json\/wp\/v2\/posts"}],"about":[{"href":"https:\/\/www.caririemacao.com\/1\/wp-json\/wp\/v2\/types\/post"}],"author":[{"embeddable":true,"href":"https:\/\/www.caririemacao.com\/1\/wp-json\/wp\/v2\/users\/1"}],"replies":[{"embeddable":true,"href":"https:\/\/www.caririemacao.com\/1\/wp-json\/wp\/v2\/comments?post=80938"}],"version-history":[{"count":1,"href":"https:\/\/www.caririemacao.com\/1\/wp-json\/wp\/v2\/posts\/80938\/revisions"}],"predecessor-version":[{"id":80939,"href":"https:\/\/www.caririemacao.com\/1\/wp-json\/wp\/v2\/posts\/80938\/revisions\/80939"}],"wp:featuredmedia":[{"embeddable":true,"href":"https:\/\/www.caririemacao.com\/1\/wp-json\/wp\/v2\/media\/12247"}],"wp:attachment":[{"href":"https:\/\/www.caririemacao.com\/1\/wp-json\/wp\/v2\/media?parent=80938"}],"wp:term":[{"taxonomy":"category","embeddable":true,"href":"https:\/\/www.caririemacao.com\/1\/wp-json\/wp\/v2\/categories?post=80938"},{"taxonomy":"post_tag","embeddable":true,"href":"https:\/\/www.caririemacao.com\/1\/wp-json\/wp\/v2\/tags?post=80938"}],"curies":[{"name":"wp","href":"https:\/\/api.w.org\/{rel}","templated":true}]}}