{"id":80941,"date":"2019-01-12T16:15:57","date_gmt":"2019-01-12T19:15:57","guid":{"rendered":"http:\/\/www.caririemacao.com\/1\/?p=80941"},"modified":"2019-01-12T16:15:57","modified_gmt":"2019-01-12T19:15:57","slug":"sebrae-paraiba-empossa-diretoria-e-conselheiros-para-gestao-dos-proximos-quatro-anos","status":"publish","type":"post","link":"https:\/\/www.caririemacao.com\/1\/2019\/01\/12\/sebrae-paraiba-empossa-diretoria-e-conselheiros-para-gestao-dos-proximos-quatro-anos\/","title":{"rendered":"Sebrae Para\u00edba empossa diretoria e conselheiros para gest\u00e3o dos pr\u00f3ximos quatro anos"},"content":{"rendered":"<div class=\"noticiacorpo\">\n<div>\n<div class=\"imagem  paisagem\"><small><\/small><a class=\"zoomable\" title=\"\" href=\"http:\/\/www.paraiba.com.br\/static\/images\/noticias\/normal\/1547314347488-sebrae.jpg\" rel=\"galeria\"><img decoding=\"async\" data-src=\"http:\/\/www.paraiba.com.br\/static\/images\/noticias\/normal\/1547314347488-sebrae.jpg\" alt=\"\" src=\"data:image\/svg+xml;base64,PHN2ZyB3aWR0aD0iMSIgaGVpZ2h0PSIxIiB4bWxucz0iaHR0cDovL3d3dy53My5vcmcvMjAwMC9zdmciPjwvc3ZnPg==\" class=\"lazyload\" \/><\/a><\/div>\n<\/div>\n<p class=\" \" align=\"center\">Fortalecer o ambiente de neg\u00f3cios para o desenvolvimento dos micro e pequenos empreendimentos por meio da economia criativa, adapta\u00e7\u00e3o \u00e0s novas tecnologias e de parcerias com \u00f3rg\u00e3os p\u00fablicos e institui\u00e7\u00f5es privadas. Esses s\u00e3o os objetivos tra\u00e7ados pela diretoria do Sebrae Para\u00edba, empossada nesta sexta-feira (11) para o quadri\u00eanio 2019-2022. O novo diretor do Conselho Deliberativo Estadual e os integrantes do Conselho Fiscal da institui\u00e7\u00e3o tamb\u00e9m tomaram posse durante a solenidade, ocorrida no audit\u00f3rio do Centro de Educa\u00e7\u00e3o Empreendedora do Sebrae, no Bairro dos Estados.<\/p>\n<p class=\" \">Os diretores executivos do Sebrae Para\u00edba foram reeleitos e, portanto, reconduzidos aos respetivos cargos: Walter Aguiar, como superintendente; Luiz Alberto Amorim, como diretor t\u00e9cnico; e Jo\u00e3o Monteiro da Franca Neto, como diretor de administra\u00e7\u00e3o e finan\u00e7as. O Conselho Deliberativo Estadual, anteriormente presidido por Buega Gadelha, atual presidente da Federa\u00e7\u00e3o das Ind\u00fastrias do Estado da Para\u00edba (Fiep), agora ter\u00e1 \u00e0 frente o presidente da Federa\u00e7\u00e3o do Com\u00e9rcio de Bens, Servi\u00e7os e Turismo do Estado da Para\u00edba (Fecom\u00e9rcio), Marconi Medeiros.<u><\/u><u><\/u><\/p>\n<p class=\" \">Durante o discurso de posse, o superintendente Walter Aguiar afirmou que neste momento de mudan\u00e7as significativas nos modos de consumo e da presen\u00e7a cada vez mais constante da tecnologia na sociedade, o Sebrae vai permanecer atento aos processos e manter o di\u00e1logo com este novo cen\u00e1rio. Para isso, uma proje\u00e7\u00e3o realizada pela institui\u00e7\u00e3o prev\u00ea como meta total para o Sebrae Para\u00edba o atendimento, em 2019, a 27,5 mil empresas, 6,8 mil estudantes e 37 mil potenciais empres\u00e1rios.<u><\/u><u><\/u><\/p>\n<p class=\" \">\u201cOs pequenos neg\u00f3cios s\u00e3o essenciais na retomada do desenvolvimento do Brasil e o papel do Sebrae \u00e9 muito relevante n\u00e3o apenas no processo de crescimento da economia nacional, mas tamb\u00e9m no fomento aos pequenos neg\u00f3cios. O Sebrae est\u00e1 preparado para os desafios que se colocam a todo momento \u00e0 sua frente. Foram os pequenos neg\u00f3cios que seguraram o \u00edndice de desemprego, que poderia ser ainda maior, e tamb\u00e9m foram respons\u00e1veis pelo volume de neg\u00f3cios gerados no per\u00edodo mais cr\u00edtico da economia. Na Para\u00edba, os pequenos neg\u00f3cios s\u00e3o a base da vida econ\u00f4mica do estado e, portanto, estaremos mais alinhados do que nunca nas parcerias junto aos \u00f3rg\u00e3os p\u00fablicos, seja com a prefeitura, governo do estado ou governo federal, a fim de garantir um ambiente de neg\u00f3cios frut\u00edfero e cada vez mais inovador e integrado\u201d, afirmou.<u><\/u><u><\/u><\/p>\n<p class=\" \">Outra meta apontada pelo superintendente \u00e9 a de abertura de onze novos Pontos de Atendimento do Sebrae (PAS) ainda neste ano, a fim de ampliar ainda mais a presen\u00e7a da institui\u00e7\u00e3o nos munic\u00edpios paraibanos. Do total de empresas paraibanas, 99% s\u00e3o consideradas de pequeno porte. Al\u00e9m disso, os pequenos neg\u00f3cios representam 30% do PIB do estado e 52% da massa salarial dos paraibanos.<u><\/u><u><\/u><\/p>\n<p class=\" \"><strong>Marconi Medeiros no Conselho Deliberativo<u><\/u><u><\/u><\/strong><\/p>\n<p class=\" \">Tamb\u00e9m empossado nesta sexta-feira (11), o novo presidente do Conselho Deliberativo Estadual, Marconi Medeiros, frisou, durante discurso, a import\u00e2ncia de um conselho fiscal para auxiliar na tomada de decis\u00f5es e se mostrou otimista em rela\u00e7\u00e3o aos desafios que eventualmente surgir\u00e3o. Ainda, salientou a for\u00e7a dos pequenos neg\u00f3cios na economia nacional e, principalmente, na paraibana.<u><\/u><u><\/u><\/p>\n<p class=\" \">\u201cO conselho fiscal \u00e9 um dos \u00f3rg\u00e3os mais importantes para colaborar com a gest\u00e3o de uma institui\u00e7\u00e3o, pois nos ajuda a rever decis\u00f5es e refazer pontos nos quais porventura tenhamos nos equivocado. Ningu\u00e9m deve se assustar com os problemas que possam surgir porque saberemos encontrar as solu\u00e7\u00f5es. Basta termos calma e parcim\u00f4nia em rela\u00e7\u00e3o aos gastos financeiros. Al\u00e9m disso, n\u00e3o s\u00e3o os governos quem geram emprego, mas as micro e pequenas empresas, que t\u00eam um papel fundamental na economia brasileira. Portanto, essa \u00e9 a hora de ver a import\u00e2ncia dos pequenos neg\u00f3cios e ter em mente que temos tudo para acertar\u201d, afirmou Medeiros.<u><\/u><u><\/u><\/p>\n<p class=\" \">Os membros do Conselho Fiscal que foram empossados durante a solenidade s\u00e3o: Agenor Augusto de Albuquerque, Marcelo Alves de Oliveira e S\u00edlvio Marcos Lima, como titulares; Alexandre Bento de Farias, Chateaubriand Pinto Bandeira e F\u00e1bio da Rocha Oliveira, como suplentes.<u><\/u><u><\/u><\/p>\n<div><\/div>\n<\/div>\n<p class=\"noticia_fonte\">Assessoria<\/p>\n","protected":false},"excerpt":{"rendered":"<p>Fortalecer o ambiente de neg\u00f3cios para o desenvolvimento dos micro e pequenos empreendimentos por meio da economia criativa, adapta\u00e7\u00e3o \u00e0s novas tecnologias e de parcerias&hellip; <\/p>\n","protected":false},"author":1,"featured_media":80943,"comment_status":"closed","ping_status":"closed","sticky":false,"template":"","format":"standard","meta":{"sfsi_plus_gutenberg_text_before_share":"","sfsi_plus_gutenberg_show_text_before_share":"","sfsi_plus_gutenberg_icon_type":"","sfsi_plus_gutenberg_icon_alignemt":"","sfsi_plus_gutenburg_max_per_row":"","footnotes":""},"categories":[2],"tags":[],"class_list":["post-80941","post","type-post","status-publish","format-standard","has-post-thumbnail","hentry","category-geral"],"_links":{"self":[{"href":"https:\/\/www.caririemacao.com\/1\/wp-json\/wp\/v2\/posts\/80941","targetHints":{"allow":["GET"]}}],"collection":[{"href":"https:\/\/www.caririemacao.com\/1\/wp-json\/wp\/v2\/posts"}],"about":[{"href":"https:\/\/www.caririemacao.com\/1\/wp-json\/wp\/v2\/types\/post"}],"author":[{"embeddable":true,"href":"https:\/\/www.caririemacao.com\/1\/wp-json\/wp\/v2\/users\/1"}],"replies":[{"embeddable":true,"href":"https:\/\/www.caririemacao.com\/1\/wp-json\/wp\/v2\/comments?post=80941"}],"version-history":[{"count":1,"href":"https:\/\/www.caririemacao.com\/1\/wp-json\/wp\/v2\/posts\/80941\/revisions"}],"predecessor-version":[{"id":80944,"href":"https:\/\/www.caririemacao.com\/1\/wp-json\/wp\/v2\/posts\/80941\/revisions\/80944"}],"wp:featuredmedia":[{"embeddable":true,"href":"https:\/\/www.caririemacao.com\/1\/wp-json\/wp\/v2\/media\/80943"}],"wp:attachment":[{"href":"https:\/\/www.caririemacao.com\/1\/wp-json\/wp\/v2\/media?parent=80941"}],"wp:term":[{"taxonomy":"category","embeddable":true,"href":"https:\/\/www.caririemacao.com\/1\/wp-json\/wp\/v2\/categories?post=80941"},{"taxonomy":"post_tag","embeddable":true,"href":"https:\/\/www.caririemacao.com\/1\/wp-json\/wp\/v2\/tags?post=80941"}],"curies":[{"name":"wp","href":"https:\/\/api.w.org\/{rel}","templated":true}]}}