{"id":80945,"date":"2019-01-12T16:17:54","date_gmt":"2019-01-12T19:17:54","guid":{"rendered":"http:\/\/www.caririemacao.com\/1\/?p=80945"},"modified":"2019-01-12T16:17:54","modified_gmt":"2019-01-12T19:17:54","slug":"toffoli-deixa-para-barroso-decisao-sobre-denuncia-e-novos-inqueritos-contra-temer-no-caso-dos-portos","status":"publish","type":"post","link":"https:\/\/www.caririemacao.com\/1\/2019\/01\/12\/toffoli-deixa-para-barroso-decisao-sobre-denuncia-e-novos-inqueritos-contra-temer-no-caso-dos-portos\/","title":{"rendered":"Toffoli deixa para Barroso decis\u00e3o sobre den\u00fancia e novos inqu\u00e9ritos contra Temer no caso dos portos"},"content":{"rendered":"<p class=\"content-text__container theme-color-primary-first-letter\" data-track-category=\"Link no Texto\">O presidente do Supremo Tribunal Federal (STF), ministro Dias Toffoli, decidiu neste s\u00e1bado (12) que o pedido da procuradora-geral da Rep\u00fablica, Raquel Dodge, de enviar den\u00fancia no caso dos portos contra o ex-presidente Michel Temer para a primeira inst\u00e2ncia e abrir cinco novos inqu\u00e9ritos contra ele, deve ser analisado pelo relator do caso ap\u00f3s o recesso do Judici\u00e1rio.<\/p>\n<div class=\"wall protected-content\">\n<div class=\"mc-column content-text active-extra-styles \" data-block-type=\"unstyled\" data-block-weight=\"57\" data-block-id=\"3\">\n<p class=\"content-text__container \" data-track-category=\"Link no Texto\">Michel Temer foi denunciado no caso dos portos por corrup\u00e7\u00e3o e lavagem de dinheiro quando o STF j\u00e1 tinha entrado em recesso, no dia 19 de dezembro. Por isso, os pedidos de Dodge \u2013 para que Temer respondesse na primeira inst\u00e2ncia a partir de 1\u00ba de janeiro e para instaurar cinco novas investiga\u00e7\u00f5es \u2013 ficaram com Toffoli.<\/p>\n<\/div>\n<div class=\"mc-column content-text active-extra-styles \" data-block-type=\"unstyled\" data-block-weight=\"32\" data-block-id=\"4\">\n<p class=\"content-text__container \" data-track-category=\"Link no Texto\">Toffoli considerou que n\u00e3o h\u00e1 urg\u00eancia que exija decis\u00e3o da presid\u00eancia do STF durante o recesso. O caso ser\u00e1 analisado pelo ministro Lu\u00eds Roberto Barroso, relator do caso, a partir de fevereiro.<\/p>\n<div class=\"mc-column content-text active-extra-styles \" data-block-type=\"unstyled\" data-block-weight=\"44\" data-block-id=\"6\">\n<p class=\"content-text__container \" data-track-category=\"Link no Texto\">Outras duas den\u00fancias e uma investiga\u00e7\u00e3o contra Temer, que est\u00e3o nas m\u00e3os do ministro Luiz\u00a0Edson Fachin, tamb\u00e9m devem ir para primeira inst\u00e2ncia a partir de fevereiro, quando o recesso terminar. Michel Temer n\u00e3o pode mais responder no Supremo porque perdeu o foro privilegiado.<\/p>\n<\/div>\n<p>O ex-presidente foi denunciado por corrup\u00e7\u00e3o no caso da mala de R$ 500 mil recebida da JBS por Rodrigo Rocha Loures e por ser supostamente l\u00edder de quadrilha do MDB que fraudava estatais, mas a C\u00e2mara barrou o prosseguimento dos dois processos no STF.<\/p>\n<p>Temer tamb\u00e9m \u00e9 investigado por suposto recebimento de propina da Odebrecht. Nesse caso, Dodge\u00a0n\u00e3o denunciou Temer\u00a0por entender que ele n\u00e3o poderia ser acusado por fato cometido fora do cargo e que an\u00e1lise caberia \u00e0 primeira inst\u00e2ncia quando o mandato terminasse.<\/p>\n<\/div>\n<\/div>\n<p class=\"noticia_fonte\">G1<\/p>\n","protected":false},"excerpt":{"rendered":"<p>O presidente do Supremo Tribunal Federal (STF), ministro Dias Toffoli, decidiu neste s\u00e1bado (12) que o pedido da procuradora-geral da Rep\u00fablica, Raquel Dodge, de enviar&hellip; <\/p>\n","protected":false},"author":1,"featured_media":74981,"comment_status":"closed","ping_status":"closed","sticky":false,"template":"","format":"standard","meta":{"sfsi_plus_gutenberg_text_before_share":"","sfsi_plus_gutenberg_show_text_before_share":"","sfsi_plus_gutenberg_icon_type":"","sfsi_plus_gutenberg_icon_alignemt":"","sfsi_plus_gutenburg_max_per_row":"","footnotes":""},"categories":[11],"tags":[],"class_list":["post-80945","post","type-post","status-publish","format-standard","has-post-thumbnail","hentry","category-politica"],"_links":{"self":[{"href":"https:\/\/www.caririemacao.com\/1\/wp-json\/wp\/v2\/posts\/80945","targetHints":{"allow":["GET"]}}],"collection":[{"href":"https:\/\/www.caririemacao.com\/1\/wp-json\/wp\/v2\/posts"}],"about":[{"href":"https:\/\/www.caririemacao.com\/1\/wp-json\/wp\/v2\/types\/post"}],"author":[{"embeddable":true,"href":"https:\/\/www.caririemacao.com\/1\/wp-json\/wp\/v2\/users\/1"}],"replies":[{"embeddable":true,"href":"https:\/\/www.caririemacao.com\/1\/wp-json\/wp\/v2\/comments?post=80945"}],"version-history":[{"count":1,"href":"https:\/\/www.caririemacao.com\/1\/wp-json\/wp\/v2\/posts\/80945\/revisions"}],"predecessor-version":[{"id":80946,"href":"https:\/\/www.caririemacao.com\/1\/wp-json\/wp\/v2\/posts\/80945\/revisions\/80946"}],"wp:featuredmedia":[{"embeddable":true,"href":"https:\/\/www.caririemacao.com\/1\/wp-json\/wp\/v2\/media\/74981"}],"wp:attachment":[{"href":"https:\/\/www.caririemacao.com\/1\/wp-json\/wp\/v2\/media?parent=80945"}],"wp:term":[{"taxonomy":"category","embeddable":true,"href":"https:\/\/www.caririemacao.com\/1\/wp-json\/wp\/v2\/categories?post=80945"},{"taxonomy":"post_tag","embeddable":true,"href":"https:\/\/www.caririemacao.com\/1\/wp-json\/wp\/v2\/tags?post=80945"}],"curies":[{"name":"wp","href":"https:\/\/api.w.org\/{rel}","templated":true}]}}