{"id":80951,"date":"2019-01-12T17:08:15","date_gmt":"2019-01-12T20:08:15","guid":{"rendered":"http:\/\/www.caririemacao.com\/1\/?p=80951"},"modified":"2019-01-12T17:08:15","modified_gmt":"2019-01-12T20:08:15","slug":"novo-tremor-de-terra-e-registrado-em-sergipe","status":"publish","type":"post","link":"https:\/\/www.caririemacao.com\/1\/2019\/01\/12\/novo-tremor-de-terra-e-registrado-em-sergipe\/","title":{"rendered":"Novo tremor de terra \u00e9 registrado em Sergipe"},"content":{"rendered":"<p class=\"content-text__container theme-color-primary-first-letter\" data-track-category=\"Link no Texto\">Um novo tremor de terra foi registrado neste s\u00e1bado (12) em Sergipe. A confirma\u00e7\u00e3o foi do Laborat\u00f3rio de Sismologia (LabSis) da Universidade Federal do Rio Grande do Norte (UFRN), que monitora os tremores no Nordeste.<\/p>\n<div class=\"wall protected-content\">\n<div class=\"mc-column content-text active-extra-styles \" data-block-type=\"unstyled\" data-block-weight=\"22\" data-block-id=\"3\">\n<p class=\"content-text__container \" data-track-category=\"Link no Texto\">O professor da UFRN, Eduardo Menezes, informou que o abalo foi de intensidade leve e teve magnitude de 1,7 na escala Richter.<\/p>\n<\/div>\n<div class=\"mc-column content-text active-extra-styles \" data-block-type=\"unstyled\" data-block-weight=\"14\" data-block-id=\"4\">\n<p class=\"content-text__container \" data-track-category=\"Link no Texto\">Moradores de Malhador relataram ter sentido os efeitos do tremor por volta das 6h50.<\/p>\n<\/div>\n<div data-track-category=\"multicontent\" data-track-action=\"ultimo chunk conteudo\" data-track-noninteraction=\"false\" data-track-scroll=\"view\">\n<div class=\"mc-column content-text active-extra-styles \" data-block-type=\"unstyled\" data-block-weight=\"21\" data-block-id=\"5\">\n<p class=\"content-text__container \" data-track-category=\"Link no Texto\">Este \u00e9 o terceiro tremor registrado no estado em menos de um m\u00eas. O \u00faltimo foi tamb\u00e9m foi sentido em Malhador.<\/p>\n<\/div>\n<\/div>\n<\/div>\n<p class=\"noticia_fonte\">G1<\/p>\n","protected":false},"excerpt":{"rendered":"<p>Um novo tremor de terra foi registrado neste s\u00e1bado (12) em Sergipe. A confirma\u00e7\u00e3o foi do Laborat\u00f3rio de Sismologia (LabSis) da Universidade Federal do Rio&hellip; <\/p>\n","protected":false},"author":1,"featured_media":80952,"comment_status":"closed","ping_status":"closed","sticky":false,"template":"","format":"standard","meta":{"sfsi_plus_gutenberg_text_before_share":"","sfsi_plus_gutenberg_show_text_before_share":"","sfsi_plus_gutenberg_icon_type":"","sfsi_plus_gutenberg_icon_alignemt":"","sfsi_plus_gutenburg_max_per_row":"","footnotes":""},"categories":[2],"tags":[],"class_list":["post-80951","post","type-post","status-publish","format-standard","has-post-thumbnail","hentry","category-geral"],"_links":{"self":[{"href":"https:\/\/www.caririemacao.com\/1\/wp-json\/wp\/v2\/posts\/80951","targetHints":{"allow":["GET"]}}],"collection":[{"href":"https:\/\/www.caririemacao.com\/1\/wp-json\/wp\/v2\/posts"}],"about":[{"href":"https:\/\/www.caririemacao.com\/1\/wp-json\/wp\/v2\/types\/post"}],"author":[{"embeddable":true,"href":"https:\/\/www.caririemacao.com\/1\/wp-json\/wp\/v2\/users\/1"}],"replies":[{"embeddable":true,"href":"https:\/\/www.caririemacao.com\/1\/wp-json\/wp\/v2\/comments?post=80951"}],"version-history":[{"count":1,"href":"https:\/\/www.caririemacao.com\/1\/wp-json\/wp\/v2\/posts\/80951\/revisions"}],"predecessor-version":[{"id":80953,"href":"https:\/\/www.caririemacao.com\/1\/wp-json\/wp\/v2\/posts\/80951\/revisions\/80953"}],"wp:featuredmedia":[{"embeddable":true,"href":"https:\/\/www.caririemacao.com\/1\/wp-json\/wp\/v2\/media\/80952"}],"wp:attachment":[{"href":"https:\/\/www.caririemacao.com\/1\/wp-json\/wp\/v2\/media?parent=80951"}],"wp:term":[{"taxonomy":"category","embeddable":true,"href":"https:\/\/www.caririemacao.com\/1\/wp-json\/wp\/v2\/categories?post=80951"},{"taxonomy":"post_tag","embeddable":true,"href":"https:\/\/www.caririemacao.com\/1\/wp-json\/wp\/v2\/tags?post=80951"}],"curies":[{"name":"wp","href":"https:\/\/api.w.org\/{rel}","templated":true}]}}