{"id":80957,"date":"2019-01-12T18:23:12","date_gmt":"2019-01-12T21:23:12","guid":{"rendered":"http:\/\/www.caririemacao.com\/1\/?p=80957"},"modified":"2019-01-12T18:23:12","modified_gmt":"2019-01-12T21:23:12","slug":"prefeito-jefferson-paga-o-pmaq-aos-profissionais-da-saude-de-sao-jose-dos-cordeiros","status":"publish","type":"post","link":"https:\/\/www.caririemacao.com\/1\/2019\/01\/12\/prefeito-jefferson-paga-o-pmaq-aos-profissionais-da-saude-de-sao-jose-dos-cordeiros\/","title":{"rendered":"Prefeito Jefferson paga o PMAQ aos profissionais da sa\u00fade de S\u00e3o Jos\u00e9 dos Cordeiros"},"content":{"rendered":"<p>O prefeito de S\u00e3o Jos\u00e9 dos Cordeiros, Jefferson Roberto, autorizou o pagamento do PMAQ (Programa de Melhoria do Acesso e da Qualidade na Aten\u00e7\u00e3o B\u00e1sica) dos profissionais da sa\u00fade, que atuam no munic\u00edpio. O benef\u00edcio j\u00e1 se encontra creditado nas contas dos profissionais da sa\u00fade do munic\u00edpio.<\/p>\n<p>O PMAQ \u00e9 um benef\u00edcio federal previsto em lei, com a fun\u00e7\u00e3o de valorizar os profissionais que trabalham na rede de aten\u00e7\u00e3o b\u00e1sica da sa\u00fade de um munic\u00edpio.<\/p>\n<p>\u201cEsse \u00e9 um reconhecimento ao trabalho a todos que fazem a sa\u00fade em S\u00e3o Jos\u00e9 dos Cordeiros, em nome da secret\u00e1ria de sa\u00fade Petrushka Bezerra. S\u00f3 temos a agradecer pelo empenho e dedica\u00e7\u00e3o a nossa popula\u00e7\u00e3o e muito ainda temos a fazer pelos nossos servidores\u201d, destacou o prefeito Jefferson.<\/p>\n<p>&nbsp;<\/p>\n<p>Ascom\/SSC<\/p>\n","protected":false},"excerpt":{"rendered":"<p>O prefeito de S\u00e3o Jos\u00e9 dos Cordeiros, Jefferson Roberto, autorizou o pagamento do PMAQ (Programa de Melhoria do Acesso e da Qualidade na Aten\u00e7\u00e3o B\u00e1sica)&hellip; <\/p>\n","protected":false},"author":1,"featured_media":80958,"comment_status":"closed","ping_status":"closed","sticky":false,"template":"","format":"standard","meta":{"sfsi_plus_gutenberg_text_before_share":"","sfsi_plus_gutenberg_show_text_before_share":"","sfsi_plus_gutenberg_icon_type":"","sfsi_plus_gutenberg_icon_alignemt":"","sfsi_plus_gutenburg_max_per_row":"","footnotes":""},"categories":[6],"tags":[],"class_list":["post-80957","post","type-post","status-publish","format-standard","has-post-thumbnail","hentry","category-cidades"],"_links":{"self":[{"href":"https:\/\/www.caririemacao.com\/1\/wp-json\/wp\/v2\/posts\/80957","targetHints":{"allow":["GET"]}}],"collection":[{"href":"https:\/\/www.caririemacao.com\/1\/wp-json\/wp\/v2\/posts"}],"about":[{"href":"https:\/\/www.caririemacao.com\/1\/wp-json\/wp\/v2\/types\/post"}],"author":[{"embeddable":true,"href":"https:\/\/www.caririemacao.com\/1\/wp-json\/wp\/v2\/users\/1"}],"replies":[{"embeddable":true,"href":"https:\/\/www.caririemacao.com\/1\/wp-json\/wp\/v2\/comments?post=80957"}],"version-history":[{"count":1,"href":"https:\/\/www.caririemacao.com\/1\/wp-json\/wp\/v2\/posts\/80957\/revisions"}],"predecessor-version":[{"id":80959,"href":"https:\/\/www.caririemacao.com\/1\/wp-json\/wp\/v2\/posts\/80957\/revisions\/80959"}],"wp:featuredmedia":[{"embeddable":true,"href":"https:\/\/www.caririemacao.com\/1\/wp-json\/wp\/v2\/media\/80958"}],"wp:attachment":[{"href":"https:\/\/www.caririemacao.com\/1\/wp-json\/wp\/v2\/media?parent=80957"}],"wp:term":[{"taxonomy":"category","embeddable":true,"href":"https:\/\/www.caririemacao.com\/1\/wp-json\/wp\/v2\/categories?post=80957"},{"taxonomy":"post_tag","embeddable":true,"href":"https:\/\/www.caririemacao.com\/1\/wp-json\/wp\/v2\/tags?post=80957"}],"curies":[{"name":"wp","href":"https:\/\/api.w.org\/{rel}","templated":true}]}}