{"id":80971,"date":"2019-01-13T10:43:09","date_gmt":"2019-01-13T13:43:09","guid":{"rendered":"http:\/\/www.caririemacao.com\/1\/?p=80971"},"modified":"2019-01-13T10:43:09","modified_gmt":"2019-01-13T13:43:09","slug":"cidade-da-paraiba-recebe-mencao-honrosa-do-fnde-pela-otima-qualidade-da-merenda-escolar","status":"publish","type":"post","link":"https:\/\/www.caririemacao.com\/1\/2019\/01\/13\/cidade-da-paraiba-recebe-mencao-honrosa-do-fnde-pela-otima-qualidade-da-merenda-escolar\/","title":{"rendered":"Cidade da para\u00edba recebe men\u00e7\u00e3o honrosa do FNDE pela \u00f3tima qualidade da merenda escolar"},"content":{"rendered":"<p>Al\u00e9m do conte\u00fado\u00a0oferecido nas escolas que integram a\u00a0rede Municipal de ensino, de alta\u00a0qualidade e professores\u00a0 capacitados e\u00a0bem remunerados, a merenda oferecida\u00a0aos alunos nos educand\u00e1rios tamb\u00e9m \u00e9\u00a0destaque devido a alta\u00a0 qualidade\u00a0nutricional.No ano passado, o secret\u00e1rio Municipal\u00a0de educa\u00e7\u00e3o de Assun\u00e7\u00e3o, Jo\u00e3o Paulo\u00a0Bernardo da Silva, participou da\u00a0segunda edi\u00e7\u00e3o da Jornada de\u00a0Educa\u00e7\u00e3o Alimentar e Nutricional (EAN)\u00a0e recebeu men\u00e7\u00e3o honrosa do Fundo\u00a0Nacional de desenvolvimento da\u00a0Educa\u00e7\u00e3o (FNDE).<\/p>\n<p>Trata-se de reconhecimento do FNDE ao munic\u00edpio de Assun\u00e7\u00e3o pela gest\u00e3o e a alta qualidade\u00a0da merenda fornecida\u00a0 ao alunado.\u00a0O prefeito, Vogel Oliveira (PTB), faz quest\u00e3o de agradecer o empenho e a dedica\u00e7\u00e3o da equipe\u00a0 de\u00a0educa\u00e7\u00e3o, em especial ao secret\u00e1rio, Jo\u00e3o Paulo, a nutricionista, J\u00e9ssica Ara\u00fajo, bem como as merendeiras.<\/p>\n<p>\u201cSem d\u00favida, nossa equipe est\u00e1 imbu\u00edda para oferecer melhores benef\u00edcios ao povo de\u00a0Assun\u00e7\u00e3o. Por isso, investimos pesado para que os alunos tenham uma merenda de qualidade\u00a0superior. Esse reconhecimento por parte do FNDE,\u00a0 comprova que estamos no caminho certo.\u00a0Agrade\u00e7o ao secret\u00e1rio, Jo\u00e3o Paulo, a nutricionista, J\u00e9ssica, as merendeiras e a todos que\u00a0integram a educa\u00e7\u00e3o, pois s\u00e3o importantes neste processo de servir bem a sociedade<br \/>\nassun\u00e7\u00e3oense\u201d, conclui o gestor.<\/p>\n","protected":false},"excerpt":{"rendered":"<p>Al\u00e9m do conte\u00fado\u00a0oferecido nas escolas que integram a\u00a0rede Municipal de ensino, de alta\u00a0qualidade e professores\u00a0 capacitados e\u00a0bem remunerados, a merenda oferecida\u00a0aos alunos nos educand\u00e1rios tamb\u00e9m&hellip; <\/p>\n","protected":false},"author":1,"featured_media":75689,"comment_status":"closed","ping_status":"closed","sticky":false,"template":"","format":"standard","meta":{"sfsi_plus_gutenberg_text_before_share":"","sfsi_plus_gutenberg_show_text_before_share":"","sfsi_plus_gutenberg_icon_type":"","sfsi_plus_gutenberg_icon_alignemt":"","sfsi_plus_gutenburg_max_per_row":"","footnotes":""},"categories":[14],"tags":[],"class_list":["post-80971","post","type-post","status-publish","format-standard","has-post-thumbnail","hentry","category-educacao"],"_links":{"self":[{"href":"https:\/\/www.caririemacao.com\/1\/wp-json\/wp\/v2\/posts\/80971","targetHints":{"allow":["GET"]}}],"collection":[{"href":"https:\/\/www.caririemacao.com\/1\/wp-json\/wp\/v2\/posts"}],"about":[{"href":"https:\/\/www.caririemacao.com\/1\/wp-json\/wp\/v2\/types\/post"}],"author":[{"embeddable":true,"href":"https:\/\/www.caririemacao.com\/1\/wp-json\/wp\/v2\/users\/1"}],"replies":[{"embeddable":true,"href":"https:\/\/www.caririemacao.com\/1\/wp-json\/wp\/v2\/comments?post=80971"}],"version-history":[{"count":1,"href":"https:\/\/www.caririemacao.com\/1\/wp-json\/wp\/v2\/posts\/80971\/revisions"}],"predecessor-version":[{"id":80972,"href":"https:\/\/www.caririemacao.com\/1\/wp-json\/wp\/v2\/posts\/80971\/revisions\/80972"}],"wp:featuredmedia":[{"embeddable":true,"href":"https:\/\/www.caririemacao.com\/1\/wp-json\/wp\/v2\/media\/75689"}],"wp:attachment":[{"href":"https:\/\/www.caririemacao.com\/1\/wp-json\/wp\/v2\/media?parent=80971"}],"wp:term":[{"taxonomy":"category","embeddable":true,"href":"https:\/\/www.caririemacao.com\/1\/wp-json\/wp\/v2\/categories?post=80971"},{"taxonomy":"post_tag","embeddable":true,"href":"https:\/\/www.caririemacao.com\/1\/wp-json\/wp\/v2\/tags?post=80971"}],"curies":[{"name":"wp","href":"https:\/\/api.w.org\/{rel}","templated":true}]}}