{"id":80982,"date":"2019-01-13T11:11:21","date_gmt":"2019-01-13T14:11:21","guid":{"rendered":"http:\/\/www.caririemacao.com\/1\/?p=80982"},"modified":"2019-01-13T11:11:21","modified_gmt":"2019-01-13T14:11:21","slug":"caminhao-desgovernado-invade-duas-casas-em-boqueirao-na-pb","status":"publish","type":"post","link":"https:\/\/www.caririemacao.com\/1\/2019\/01\/13\/caminhao-desgovernado-invade-duas-casas-em-boqueirao-na-pb\/","title":{"rendered":"Caminh\u00e3o desgovernado invade duas casas, em Boqueir\u00e3o na PB"},"content":{"rendered":"<p data-track-category=\"Link no Texto\" data-track-links=\"\">Um caminh\u00e3o desgovernado invadiu duas casas por volta das 5h40 deste s\u00e1bado (12), na cidade de Boqueir\u00e3o, no Cariri do estado.<\/p>\n<p data-track-category=\"Link no Texto\" data-track-links=\"\">Segundo relato do dono do caminh\u00e3o \u00e0 Pol\u00edcia Militar, ele havia deixado o ve\u00edculo em um lava-jato da cidade, onde os caminhoneiros guardam os caminh\u00f5es, e o caminh\u00e3o tinha descido de r\u00e9 e atingido as duas resid\u00eancias que ficam pr\u00f3ximas ao local.<\/p>\n<p data-track-category=\"Link no Texto\" data-track-links=\"\">Parte das casas ficaram destru\u00eddas, mas ningu\u00e9m ficou ferido. Um dos quartos que foi atingido era de um jovem que na noite anterior pediu para dormir em outro lugar.<\/p>\n<p data-track-category=\"Link no Texto\" data-track-links=\"\">A Pol\u00edcia Militar segue investigando o caso, mas ainda n\u00e3o se sabe ao certo qual foi a causa do acidente.<\/p>\n<p data-track-category=\"Link no Texto\" data-track-links=\"\">\n<p data-track-category=\"Link no Texto\" data-track-links=\"\">G1<\/p>\n","protected":false},"excerpt":{"rendered":"<p>Um caminh\u00e3o desgovernado invadiu duas casas por volta das 5h40 deste s\u00e1bado (12), na cidade de Boqueir\u00e3o, no Cariri do estado. Segundo relato do dono&hellip; <\/p>\n","protected":false},"author":1,"featured_media":37820,"comment_status":"closed","ping_status":"closed","sticky":false,"template":"","format":"standard","meta":{"sfsi_plus_gutenberg_text_before_share":"","sfsi_plus_gutenberg_show_text_before_share":"","sfsi_plus_gutenberg_icon_type":"","sfsi_plus_gutenberg_icon_alignemt":"","sfsi_plus_gutenburg_max_per_row":"","footnotes":""},"categories":[12],"tags":[],"class_list":["post-80982","post","type-post","status-publish","format-standard","has-post-thumbnail","hentry","category-policia"],"_links":{"self":[{"href":"https:\/\/www.caririemacao.com\/1\/wp-json\/wp\/v2\/posts\/80982","targetHints":{"allow":["GET"]}}],"collection":[{"href":"https:\/\/www.caririemacao.com\/1\/wp-json\/wp\/v2\/posts"}],"about":[{"href":"https:\/\/www.caririemacao.com\/1\/wp-json\/wp\/v2\/types\/post"}],"author":[{"embeddable":true,"href":"https:\/\/www.caririemacao.com\/1\/wp-json\/wp\/v2\/users\/1"}],"replies":[{"embeddable":true,"href":"https:\/\/www.caririemacao.com\/1\/wp-json\/wp\/v2\/comments?post=80982"}],"version-history":[{"count":1,"href":"https:\/\/www.caririemacao.com\/1\/wp-json\/wp\/v2\/posts\/80982\/revisions"}],"predecessor-version":[{"id":80983,"href":"https:\/\/www.caririemacao.com\/1\/wp-json\/wp\/v2\/posts\/80982\/revisions\/80983"}],"wp:featuredmedia":[{"embeddable":true,"href":"https:\/\/www.caririemacao.com\/1\/wp-json\/wp\/v2\/media\/37820"}],"wp:attachment":[{"href":"https:\/\/www.caririemacao.com\/1\/wp-json\/wp\/v2\/media?parent=80982"}],"wp:term":[{"taxonomy":"category","embeddable":true,"href":"https:\/\/www.caririemacao.com\/1\/wp-json\/wp\/v2\/categories?post=80982"},{"taxonomy":"post_tag","embeddable":true,"href":"https:\/\/www.caririemacao.com\/1\/wp-json\/wp\/v2\/tags?post=80982"}],"curies":[{"name":"wp","href":"https:\/\/api.w.org\/{rel}","templated":true}]}}