{"id":80984,"date":"2019-01-13T11:12:59","date_gmt":"2019-01-13T14:12:59","guid":{"rendered":"http:\/\/www.caririemacao.com\/1\/?p=80984"},"modified":"2019-01-13T11:12:59","modified_gmt":"2019-01-13T14:12:59","slug":"homem-e-baleado-na-cabeca-ao-reagir-a-assalto-no-agreste-da-pb","status":"publish","type":"post","link":"https:\/\/www.caririemacao.com\/1\/2019\/01\/13\/homem-e-baleado-na-cabeca-ao-reagir-a-assalto-no-agreste-da-pb\/","title":{"rendered":"Homem \u00e9 baleado na cabe\u00e7a ao reagir a assalto no Agreste da PB"},"content":{"rendered":"<p>Um homem foi baleado na cabe\u00e7a durante uma tentativa de assalto em um bar no munic\u00edpio de Esperan\u00e7a, no Agreste da Para\u00edba. O crime aconteceu na madrugada deste domingo (13) e o rapaz foi encaminhado para o Hospital de Emerg\u00eancia e Trauma de Campina Grande.<\/p>\n<p>A v\u00edtima \u00e9 baterista de uma banda e estava em um bar no centro da cidade no momento do crime. Ele tinha acabado de tocar e estava com a namorada quando o bandido chegou at\u00e9 o local e anunciou o assalto. O rapaz ent\u00e3o reagiu, entrou em luta corporal com o suspeito e foi atingido por um tiro na cabe\u00e7a.<\/p>\n<p>Logo ap\u00f3s realizar o disparo, o assaltante fugiu sem levar nada do local. N\u00e3o h\u00e1 informa\u00e7\u00f5es sobre ele. Policiais seguem em dilig\u00eancia para localiz\u00e1-lo. O baterista foi levado para o Trauma e de acordo com a unidade m\u00e9dica, ele se encontra na sala vermelha aguardando o resultado dos exames para que sejam realizados os procedimentos.<\/p>\n<p><strong>MaisPB<\/strong><\/p>\n","protected":false},"excerpt":{"rendered":"<p>Um homem foi baleado na cabe\u00e7a durante uma tentativa de assalto em um bar no munic\u00edpio de Esperan\u00e7a, no Agreste da Para\u00edba. O crime aconteceu&hellip; <\/p>\n","protected":false},"author":1,"featured_media":6101,"comment_status":"closed","ping_status":"closed","sticky":false,"template":"","format":"standard","meta":{"sfsi_plus_gutenberg_text_before_share":"","sfsi_plus_gutenberg_show_text_before_share":"","sfsi_plus_gutenberg_icon_type":"","sfsi_plus_gutenberg_icon_alignemt":"","sfsi_plus_gutenburg_max_per_row":"","footnotes":""},"categories":[12],"tags":[],"class_list":["post-80984","post","type-post","status-publish","format-standard","has-post-thumbnail","hentry","category-policia"],"_links":{"self":[{"href":"https:\/\/www.caririemacao.com\/1\/wp-json\/wp\/v2\/posts\/80984","targetHints":{"allow":["GET"]}}],"collection":[{"href":"https:\/\/www.caririemacao.com\/1\/wp-json\/wp\/v2\/posts"}],"about":[{"href":"https:\/\/www.caririemacao.com\/1\/wp-json\/wp\/v2\/types\/post"}],"author":[{"embeddable":true,"href":"https:\/\/www.caririemacao.com\/1\/wp-json\/wp\/v2\/users\/1"}],"replies":[{"embeddable":true,"href":"https:\/\/www.caririemacao.com\/1\/wp-json\/wp\/v2\/comments?post=80984"}],"version-history":[{"count":1,"href":"https:\/\/www.caririemacao.com\/1\/wp-json\/wp\/v2\/posts\/80984\/revisions"}],"predecessor-version":[{"id":80985,"href":"https:\/\/www.caririemacao.com\/1\/wp-json\/wp\/v2\/posts\/80984\/revisions\/80985"}],"wp:featuredmedia":[{"embeddable":true,"href":"https:\/\/www.caririemacao.com\/1\/wp-json\/wp\/v2\/media\/6101"}],"wp:attachment":[{"href":"https:\/\/www.caririemacao.com\/1\/wp-json\/wp\/v2\/media?parent=80984"}],"wp:term":[{"taxonomy":"category","embeddable":true,"href":"https:\/\/www.caririemacao.com\/1\/wp-json\/wp\/v2\/categories?post=80984"},{"taxonomy":"post_tag","embeddable":true,"href":"https:\/\/www.caririemacao.com\/1\/wp-json\/wp\/v2\/tags?post=80984"}],"curies":[{"name":"wp","href":"https:\/\/api.w.org\/{rel}","templated":true}]}}