{"id":80988,"date":"2019-01-13T11:18:31","date_gmt":"2019-01-13T14:18:31","guid":{"rendered":"http:\/\/www.caririemacao.com\/1\/?p=80988"},"modified":"2019-01-13T11:18:31","modified_gmt":"2019-01-13T14:18:31","slug":"moro-enviara-projeto-ao-congresso-para-criminalizar-caixa-2","status":"publish","type":"post","link":"https:\/\/www.caririemacao.com\/1\/2019\/01\/13\/moro-enviara-projeto-ao-congresso-para-criminalizar-caixa-2\/","title":{"rendered":"Moro enviar\u00e1 projeto ao Congresso para criminalizar caixa 2"},"content":{"rendered":"<p>O\u00a0ministro da Justi\u00e7a, Sergio Moro, pretende incluir a criminaliza\u00e7\u00e3o do caixa dois eleitoral no pacote de medidas que apresentar\u00e1 \u00e0 C\u00e2mara em fevereiro.<\/p>\n<p>Desde que foi escolhido para a pasta, Moro elabora com ajuda de auxiliares um combo de projetos de lei para refor\u00e7ar o combate \u00e0 corrup\u00e7\u00e3o, ao crime organizado e \u00e0 viol\u00eancia.<\/p>\n<p>Segundo pessoas que acompanham as discuss\u00f5es, o ministro quer fazer com que a lei eleitoral seja mais clara e objetiva e que tenha uma pena maior para a pr\u00e1tica de uso de dinheiro n\u00e3o declarado por candidatos em campanhas.<\/p>\n<p>A proposta que tem sido preparada por Moro n\u00e3o daria anistia a fatos passados. Ou seja, aqueles que est\u00e3o processados ou investigados,\u00a0como o ministro da Casa Civil,\u00a0Onyx\u00a0Lorenzoni\u00a0(DEM), n\u00e3o seriam beneficiados.<\/p>\n<p>Em 2017, o ent\u00e3o deputado admitiu ter recebido R$ 100 mil em caixa dois da\u00a0JBS\u00a0para quitar gastos da campanha de 2014.\u00a0Ele \u00e9 investigado\u00a0tamb\u00e9m por outros R$ 100 mil, supostamente obtidos em 2012, como noticiou a\u00a0Folha\u00a0em novembro.<\/p>\n<p>Atualmente, casos desse tipo s\u00e3o julgados com base em um artigo do C\u00f3digo Eleitoral, o 350, de falsidade ideol\u00f3gica, sobre o qual n\u00e3o h\u00e1 jurisprud\u00eancia pac\u00edfica no TSE (Tribunal Superior Eleitoral) para condena\u00e7\u00e3o.<\/p>\n<p>A lei diz que a pena poderia ser de at\u00e9 cinco anos de pris\u00e3o, mas at\u00e9 hoje n\u00e3o houve condena\u00e7\u00e3o nesse sentido.<\/p>\n<p>A ideia do ministro da Justi\u00e7a \u00e9 acrescentar um dispositivo \u00e0 lei, explicitando o caso de dinheiro n\u00e3o declarado, com uma puni\u00e7\u00e3o maior do que a do artigo j\u00e1 existente.<\/p>\n<p>Uma preocupa\u00e7\u00e3o de Moro \u00e9 que a legisla\u00e7\u00e3o n\u00e3o tenha mais brechas e que permita, enfim, que pessoas sejam condenadas por usar dinheiro por fora na campanha eleitoral.<\/p>\n<p class=\"noticia_fonte\">Folha de S\u00e3o Paulo<\/p>\n","protected":false},"excerpt":{"rendered":"<p>O\u00a0ministro da Justi\u00e7a, Sergio Moro, pretende incluir a criminaliza\u00e7\u00e3o do caixa dois eleitoral no pacote de medidas que apresentar\u00e1 \u00e0 C\u00e2mara em fevereiro. Desde que&hellip; <\/p>\n","protected":false},"author":1,"featured_media":48906,"comment_status":"closed","ping_status":"closed","sticky":false,"template":"","format":"standard","meta":{"sfsi_plus_gutenberg_text_before_share":"","sfsi_plus_gutenberg_show_text_before_share":"","sfsi_plus_gutenberg_icon_type":"","sfsi_plus_gutenberg_icon_alignemt":"","sfsi_plus_gutenburg_max_per_row":"","footnotes":""},"categories":[11],"tags":[],"class_list":["post-80988","post","type-post","status-publish","format-standard","has-post-thumbnail","hentry","category-politica"],"_links":{"self":[{"href":"https:\/\/www.caririemacao.com\/1\/wp-json\/wp\/v2\/posts\/80988","targetHints":{"allow":["GET"]}}],"collection":[{"href":"https:\/\/www.caririemacao.com\/1\/wp-json\/wp\/v2\/posts"}],"about":[{"href":"https:\/\/www.caririemacao.com\/1\/wp-json\/wp\/v2\/types\/post"}],"author":[{"embeddable":true,"href":"https:\/\/www.caririemacao.com\/1\/wp-json\/wp\/v2\/users\/1"}],"replies":[{"embeddable":true,"href":"https:\/\/www.caririemacao.com\/1\/wp-json\/wp\/v2\/comments?post=80988"}],"version-history":[{"count":1,"href":"https:\/\/www.caririemacao.com\/1\/wp-json\/wp\/v2\/posts\/80988\/revisions"}],"predecessor-version":[{"id":80989,"href":"https:\/\/www.caririemacao.com\/1\/wp-json\/wp\/v2\/posts\/80988\/revisions\/80989"}],"wp:featuredmedia":[{"embeddable":true,"href":"https:\/\/www.caririemacao.com\/1\/wp-json\/wp\/v2\/media\/48906"}],"wp:attachment":[{"href":"https:\/\/www.caririemacao.com\/1\/wp-json\/wp\/v2\/media?parent=80988"}],"wp:term":[{"taxonomy":"category","embeddable":true,"href":"https:\/\/www.caririemacao.com\/1\/wp-json\/wp\/v2\/categories?post=80988"},{"taxonomy":"post_tag","embeddable":true,"href":"https:\/\/www.caririemacao.com\/1\/wp-json\/wp\/v2\/tags?post=80988"}],"curies":[{"name":"wp","href":"https:\/\/api.w.org\/{rel}","templated":true}]}}