{"id":80991,"date":"2019-01-13T11:55:43","date_gmt":"2019-01-13T14:55:43","guid":{"rendered":"http:\/\/www.caririemacao.com\/1\/?p=80991"},"modified":"2019-01-13T11:55:43","modified_gmt":"2019-01-13T14:55:43","slug":"facebook-por-que-somente-usuarios-com-mais-de-13-anos-podem-criar-um-perfil-na-rede-social","status":"publish","type":"post","link":"https:\/\/www.caririemacao.com\/1\/2019\/01\/13\/facebook-por-que-somente-usuarios-com-mais-de-13-anos-podem-criar-um-perfil-na-rede-social\/","title":{"rendered":"Facebook: por que somente usu\u00e1rios com mais de 13 anos podem criar um perfil na rede social?"},"content":{"rendered":"<p>Oi, Ronaldo! A minha conta nas redes sociais foi banida por eu ter menos de 13 anos, por que isso aconteceu? \u2014 Tamires<\/p>\n<div class=\"mc-column content-text active-extra-styles \" data-block-type=\"unstyled\" data-block-weight=\"32\" data-block-id=\"5\">\n<p class=\"content-text__container \" data-track-category=\"Link no Texto\">Ol\u00e1, Tamires! Diversos servi\u00e7os online seguem uma determina\u00e7\u00e3o internacional chamada COPPA (Ato de Prote\u00e7\u00e3o Online \u00e0 Crian\u00e7a, na sigla em ingl\u00eas), uma lei de prote\u00e7\u00e3o \u00e0 vida privada das crian\u00e7as na internet.<\/p>\n<\/div>\n<div class=\"mc-column content-text active-extra-styles \" data-block-type=\"unstyled\" data-block-weight=\"58\" data-block-id=\"6\">\n<p class=\"content-text__container \" data-track-category=\"Link no Texto\">Essa lei imp\u00f5e a idade m\u00ednima para o acesse de crian\u00e7as \u00e0s redes sociais. Quando uma conta \u00e9 criada no Facebook, \u00e9 apresentada a pol\u00edtica de privacidade, que deve ser lida e aceita pelo usu\u00e1rio para finalizar a cria\u00e7\u00e3o do perfil. A verifica\u00e7\u00e3o que restringe a idade m\u00ednima \u00e9 facilmente burlada, bastando colocar um ano de nascimento apropriado.<\/p>\n<\/div>\n<div class=\"mc-column content-text active-extra-styles \" data-block-type=\"unstyled\" data-block-weight=\"52\" data-block-id=\"7\">\n<p class=\"content-text__container \" data-track-category=\"Link no Texto\">Por\u00e9m, o Facebook possu\u00ed um mecanismo de verifica\u00e7\u00e3o que permite que eles identifiquem contas irregulares de usu\u00e1rios. Se n\u00e3o for comprovada a idade m\u00ednima, a conta \u00e9 banida. Essa restri\u00e7\u00e3o foi criada para proteger as crian\u00e7as dos abusos cometidos na internet. Alguns estudos mostram que essa faixa et\u00e1ria \u00e9 a mais vulner\u00e1vel.<\/p>\n<\/div>\n<div class=\"mc-column content-text active-extra-styles\" data-block-type=\"raw\" data-block-weight=\"7\" data-block-id=\"8\">\n<div class=\"content-intertitle\">\n<h2>Como esconder o status online no WhatsApp<\/h2>\n<\/div>\n<\/div>\n<div class=\"mc-column content-text active-extra-styles \" data-block-type=\"unstyled\" data-block-weight=\"37\" data-block-id=\"9\">\n<p class=\"content-text__container \" data-track-category=\"Link no Texto\">Ol\u00e1! Nesta atualiza\u00e7\u00e3o do WhatsApp \u00e9 poss\u00edvel enviar uma mensagem privada para um integrante do grupo. Mas at\u00e9 agora n\u00e3o tem a op\u00e7\u00e3o de esconder quando eu estiver online. Existe alguma maneira de fazer isso? \u2014 Carine<\/p>\n<\/div>\n<div class=\"content-ads content-ads--reveal\" data-block-type=\"ads\" data-block-id=\"10\">\n<div id=\"banner_materia2\" class=\"tag-manager-publicidade-container has-reveal has-ad-lazyload tag-manager-publicidade-banner_materia2 tag-manager-publicidade-container--carregado tag-manager-publicidade-container--visivel\" data-id=\"banner_materia2\" data-google-query-id=\"COe4s4fT6t8CFU5TwQodkhsBiA\" data-cid=\"138256934075\" data-lid=\"4917669505\">\n<div id=\"google_ads_iframe_\/95377733\/tvg_G1\/Tecnologia_2__container__\">Ol\u00e1, Carine! Ainda n\u00e3o foi dessa vez que o WhatsApp passou a oferecer nativamente a op\u00e7\u00e3o de privacidade para ocultar quando o usu\u00e1rio estiver online.<\/div>\n<\/div>\n<\/div>\n<div class=\"mc-column content-text active-extra-styles \" data-block-type=\"unstyled\" data-block-weight=\"40\" data-block-id=\"12\">\n<p class=\"content-text__container \" data-track-category=\"Link no Texto\">Esse recurso, embora muito desejado, n\u00e3o tem uma previs\u00e3o de ser liberado. E vale salientar que \u00e9 poss\u00edvel obter essa funcionalidade em vers\u00f5es alternativas do aplicativo, por\u00e9m recorrer a vers\u00f5es n\u00e3o oficiais do WhatsApp pode implicar no banimento da conta.<\/p>\n<\/div>\n<div class=\"mc-column content-text active-extra-styles\" data-block-type=\"raw\" data-block-weight=\"9\" data-block-id=\"13\">\n<div class=\"content-intertitle\">\n<h2>O que com um e-mail conectado num computador p\u00fablico<\/h2>\n<\/div>\n<\/div>\n<div class=\"mc-column content-text active-extra-styles \" data-block-type=\"unstyled\" data-block-weight=\"23\" data-block-id=\"14\">\n<p class=\"content-text__container \" data-track-category=\"Link no Texto\">Oi, Ronaldo! Eu utilizei um computador p\u00fablico e acho que deixei a senha do meu e-mail salva nele. E agora? \u2014 Camila Ramos<\/p>\n<\/div>\n<div class=\"mc-column content-text active-extra-styles \" data-block-type=\"unstyled\" data-block-weight=\"11\" data-block-id=\"15\">\n<p class=\"content-text__container \" data-track-category=\"Link no Texto\">Ol\u00e1, Camila! Quando isso acontecer, voc\u00ea deve seguir os seguintes passos:<\/p>\n<\/div>\n<div data-track-category=\"multicontent\" data-track-action=\"ultimo chunk conteudo\" data-track-noninteraction=\"false\" data-track-scroll=\"view\">\n<div class=\"mc-column content-text active-extra-styles\" data-block-type=\"raw\" data-block-weight=\"32\" data-block-id=\"16\">\n<ol class=\"content-ordered-list theme-ordered-list-color-primary\">\n<li>Altere imediatamente a senha da conta;<\/li>\n<li>Desconecte todas as sess\u00f5es ativas;<\/li>\n<li>Habilite a autentica\u00e7\u00e3o em duas etapas, o blog j\u00e1 mostrou em detalhes como configurar essa op\u00e7\u00e3o;<\/li>\n<li>Habilite a notifica\u00e7\u00e3o de login;<\/li>\n<\/ol>\n<\/div>\n<\/div>\n<p class=\"noticia_fonte\">G1<\/p>\n","protected":false},"excerpt":{"rendered":"<p>Oi, Ronaldo! A minha conta nas redes sociais foi banida por eu ter menos de 13 anos, por que isso aconteceu? \u2014 Tamires Ol\u00e1, Tamires!&hellip; <\/p>\n","protected":false},"author":1,"featured_media":80992,"comment_status":"closed","ping_status":"closed","sticky":false,"template":"","format":"standard","meta":{"sfsi_plus_gutenberg_text_before_share":"","sfsi_plus_gutenberg_show_text_before_share":"","sfsi_plus_gutenberg_icon_type":"","sfsi_plus_gutenberg_icon_alignemt":"","sfsi_plus_gutenburg_max_per_row":"","footnotes":""},"categories":[2],"tags":[],"class_list":["post-80991","post","type-post","status-publish","format-standard","has-post-thumbnail","hentry","category-geral"],"_links":{"self":[{"href":"https:\/\/www.caririemacao.com\/1\/wp-json\/wp\/v2\/posts\/80991","targetHints":{"allow":["GET"]}}],"collection":[{"href":"https:\/\/www.caririemacao.com\/1\/wp-json\/wp\/v2\/posts"}],"about":[{"href":"https:\/\/www.caririemacao.com\/1\/wp-json\/wp\/v2\/types\/post"}],"author":[{"embeddable":true,"href":"https:\/\/www.caririemacao.com\/1\/wp-json\/wp\/v2\/users\/1"}],"replies":[{"embeddable":true,"href":"https:\/\/www.caririemacao.com\/1\/wp-json\/wp\/v2\/comments?post=80991"}],"version-history":[{"count":1,"href":"https:\/\/www.caririemacao.com\/1\/wp-json\/wp\/v2\/posts\/80991\/revisions"}],"predecessor-version":[{"id":80993,"href":"https:\/\/www.caririemacao.com\/1\/wp-json\/wp\/v2\/posts\/80991\/revisions\/80993"}],"wp:featuredmedia":[{"embeddable":true,"href":"https:\/\/www.caririemacao.com\/1\/wp-json\/wp\/v2\/media\/80992"}],"wp:attachment":[{"href":"https:\/\/www.caririemacao.com\/1\/wp-json\/wp\/v2\/media?parent=80991"}],"wp:term":[{"taxonomy":"category","embeddable":true,"href":"https:\/\/www.caririemacao.com\/1\/wp-json\/wp\/v2\/categories?post=80991"},{"taxonomy":"post_tag","embeddable":true,"href":"https:\/\/www.caririemacao.com\/1\/wp-json\/wp\/v2\/tags?post=80991"}],"curies":[{"name":"wp","href":"https:\/\/api.w.org\/{rel}","templated":true}]}}