{"id":81000,"date":"2019-01-13T16:20:10","date_gmt":"2019-01-13T19:20:10","guid":{"rendered":"http:\/\/www.caririemacao.com\/1\/?p=81000"},"modified":"2019-01-13T16:20:10","modified_gmt":"2019-01-13T19:20:10","slug":"joao-anuncia-nesta-terca-apoio-a-candidato-ao-segundo-bienio-na-alpb","status":"publish","type":"post","link":"https:\/\/www.caririemacao.com\/1\/2019\/01\/13\/joao-anuncia-nesta-terca-apoio-a-candidato-ao-segundo-bienio-na-alpb\/","title":{"rendered":"Jo\u00e3o anuncia nesta ter\u00e7a apoio a candidato ao segundo bi\u00eanio na ALPB"},"content":{"rendered":"<p>O governador Jo\u00e3o Azev\u00eado (PSB) vai anunciar o apoio formal para a elei\u00e7\u00e3o da presid\u00eancia da Assembleia Legislativa do Estado da Para\u00edba (ALPB) nesta ter\u00e7a-feira (15), ap\u00f3s reuni\u00e3o com a bancada governista.<\/p>\n<p>As elei\u00e7\u00f5es v\u00e3o decidir a presid\u00eancia do segundo bi\u00eanio. Oito nomes disputam entre si a indica\u00e7\u00e3o dentro do partido.<\/p>\n<p>Em reuni\u00e3o nesta semana, o governador reuniu-se com parlamentares e oficializou o nome do deputado estadual Adriano Galdino (PSB) para a cabe\u00e7a da chapa na disputa do primeiro bi\u00eanio.<\/p>\n","protected":false},"excerpt":{"rendered":"<p>O governador Jo\u00e3o Azev\u00eado (PSB) vai anunciar o apoio formal para a elei\u00e7\u00e3o da presid\u00eancia da Assembleia Legislativa do Estado da Para\u00edba (ALPB) nesta ter\u00e7a-feira&hellip; <\/p>\n","protected":false},"author":1,"featured_media":81001,"comment_status":"closed","ping_status":"closed","sticky":false,"template":"","format":"standard","meta":{"sfsi_plus_gutenberg_text_before_share":"","sfsi_plus_gutenberg_show_text_before_share":"","sfsi_plus_gutenberg_icon_type":"","sfsi_plus_gutenberg_icon_alignemt":"","sfsi_plus_gutenburg_max_per_row":"","footnotes":""},"categories":[11],"tags":[],"class_list":["post-81000","post","type-post","status-publish","format-standard","has-post-thumbnail","hentry","category-politica"],"_links":{"self":[{"href":"https:\/\/www.caririemacao.com\/1\/wp-json\/wp\/v2\/posts\/81000","targetHints":{"allow":["GET"]}}],"collection":[{"href":"https:\/\/www.caririemacao.com\/1\/wp-json\/wp\/v2\/posts"}],"about":[{"href":"https:\/\/www.caririemacao.com\/1\/wp-json\/wp\/v2\/types\/post"}],"author":[{"embeddable":true,"href":"https:\/\/www.caririemacao.com\/1\/wp-json\/wp\/v2\/users\/1"}],"replies":[{"embeddable":true,"href":"https:\/\/www.caririemacao.com\/1\/wp-json\/wp\/v2\/comments?post=81000"}],"version-history":[{"count":1,"href":"https:\/\/www.caririemacao.com\/1\/wp-json\/wp\/v2\/posts\/81000\/revisions"}],"predecessor-version":[{"id":81002,"href":"https:\/\/www.caririemacao.com\/1\/wp-json\/wp\/v2\/posts\/81000\/revisions\/81002"}],"wp:featuredmedia":[{"embeddable":true,"href":"https:\/\/www.caririemacao.com\/1\/wp-json\/wp\/v2\/media\/81001"}],"wp:attachment":[{"href":"https:\/\/www.caririemacao.com\/1\/wp-json\/wp\/v2\/media?parent=81000"}],"wp:term":[{"taxonomy":"category","embeddable":true,"href":"https:\/\/www.caririemacao.com\/1\/wp-json\/wp\/v2\/categories?post=81000"},{"taxonomy":"post_tag","embeddable":true,"href":"https:\/\/www.caririemacao.com\/1\/wp-json\/wp\/v2\/tags?post=81000"}],"curies":[{"name":"wp","href":"https:\/\/api.w.org\/{rel}","templated":true}]}}