{"id":81003,"date":"2019-01-13T16:23:11","date_gmt":"2019-01-13T19:23:11","guid":{"rendered":"http:\/\/www.caririemacao.com\/1\/?p=81003"},"modified":"2019-01-13T16:23:11","modified_gmt":"2019-01-13T19:23:11","slug":"salario-minimo-volta-a-ter-ganho-real-apos-2-anos-compare-o-que-subiu","status":"publish","type":"post","link":"https:\/\/www.caririemacao.com\/1\/2019\/01\/13\/salario-minimo-volta-a-ter-ganho-real-apos-2-anos-compare-o-que-subiu\/","title":{"rendered":"Sal\u00e1rio m\u00ednimo volta a ter ganho real ap\u00f3s 2 anos; compare o que subiu"},"content":{"rendered":"<p class=\"content-text__container theme-color-primary-first-letter\" data-track-category=\"Link no Texto\">O sal\u00e1rio m\u00ednimo teve aumento real (descontada a infla\u00e7\u00e3o) de 1,14% em 2019, segundo a Anefac (Associa\u00e7\u00e3o Nacional dos Executivos de Finan\u00e7as, Administra\u00e7\u00e3o e Contabilidade). Foi o primeiro ganho frente ao \u00cdndice Nacional de Pre\u00e7os ao Consumidor (INPC) ap\u00f3s dois anos de queda.<\/p>\n<div class=\"wall protected-content\">\n<div class=\"mc-column content-text active-extra-styles \" data-block-type=\"unstyled\" data-block-weight=\"7\" data-block-id=\"2\">\n<p class=\"content-text__container \" data-track-category=\"Link no Texto\">O m\u00ednimo nacional foi\u00a0reajustado pelo governo em 4,61% no dia 1\u00ba de janeiro, passando de R$ 954 para R$ 998. J\u00e1 o INPC subiu 3,43% em 2018.<\/p>\n<\/div>\n<div class=\"mc-column content-text active-extra-styles \" data-block-type=\"unstyled\" data-block-weight=\"29\" data-block-id=\"4\">\n<p class=\"content-text__container \" data-track-category=\"Link no Texto\">Para reajustar o m\u00ednimo, o governo considera a varia\u00e7\u00e3o do INPC no ano anterior (2018) mais o crescimento do PIB (Produto Interno Bruto) em 2017, que foi de 1,1%.<\/p>\n<div class=\"mc-column content-text active-extra-styles\" data-block-type=\"raw\" data-block-weight=\"9\" data-block-id=\"7\">\n<div class=\"content-intertitle\">\n<h2>Veja o que variou acima do sal\u00e1rio m\u00ednimo (4,61%):<\/h2>\n<\/div>\n<\/div>\n<div class=\"mc-column content-text active-extra-styles \" data-block-type=\"unstyled\" data-block-weight=\"4\" data-block-id=\"8\">\n<p class=\"content-text__container \" data-track-category=\"Link no Texto\">Planos de sa\u00fade: 11,7%<\/p>\n<\/div>\n<div class=\"mc-column content-text active-extra-styles \" data-block-type=\"unstyled\" data-block-weight=\"3\" data-block-id=\"9\">\n<p class=\"content-text__container \" data-track-category=\"Link no Texto\">Energia el\u00e9trica: 8,7%<\/p>\n<\/div>\n<div class=\"mc-column content-text active-extra-styles \" data-block-type=\"unstyled\" data-block-weight=\"5\" data-block-id=\"10\">\n<p class=\"content-text__container \" data-track-category=\"Link no Texto\">IGPM (corre\u00e7\u00e3o do aluguel): 7,53%<\/p>\n<\/div>\n<div class=\"mc-column content-text active-extra-styles \" data-block-type=\"unstyled\" data-block-weight=\"2\" data-block-id=\"11\">\n<p class=\"content-text__container \" data-track-category=\"Link no Texto\">Gasolina: 7,24%<\/p>\n<\/div>\n<div class=\"mc-column content-text active-extra-styles \" data-block-type=\"unstyled\" data-block-weight=\"2\" data-block-id=\"12\">\n<p class=\"content-text__container \" data-track-category=\"Link no Texto\">Educa\u00e7\u00e3o: 5,32%<\/p>\n<\/div>\n<div class=\"mc-column content-text active-extra-styles \" data-block-type=\"unstyled\" data-block-weight=\"2\" data-block-id=\"13\">\n<p class=\"content-text__container \" data-track-category=\"Link no Texto\">Habita\u00e7\u00e3o: 4,72%<\/p>\n<\/div>\n<div class=\"mc-column content-text active-extra-styles \" data-block-type=\"unstyled\" data-block-weight=\"2\" data-block-id=\"14\">\n<p class=\"content-text__container \" data-track-category=\"Link no Texto\">Poupan\u00e7a: 4,62%<\/p>\n<\/div>\n<div class=\"mc-column content-text active-extra-styles\" data-block-type=\"raw\" data-block-weight=\"9\" data-block-id=\"15\">\n<div class=\"content-intertitle\">\n<h2>Veja o que variou abaixo do sal\u00e1rio m\u00ednimo (4,61%):<\/h2>\n<\/div>\n<\/div>\n<div class=\"mc-column content-text active-extra-styles \" data-block-type=\"unstyled\" data-block-weight=\"2\" data-block-id=\"16\">\n<p class=\"content-text__container \" data-track-category=\"Link no Texto\">Transportes: 4,19%<\/p>\n<\/div>\n<div class=\"mc-column content-text active-extra-styles \" data-block-type=\"unstyled\" data-block-weight=\"2\" data-block-id=\"17\">\n<p class=\"content-text__container \" data-track-category=\"Link no Texto\">Alimenta\u00e7\u00e3o: 4,04%<\/p>\n<\/div>\n<div class=\"mc-column content-text active-extra-styles \" data-block-type=\"unstyled\" data-block-weight=\"5\" data-block-id=\"18\">\n<p class=\"content-text__container \" data-track-category=\"Link no Texto\">Sa\u00fade e cuidados pessoais: 3,95%<\/p>\n<\/div>\n<div class=\"mc-column content-text active-extra-styles \" data-block-type=\"unstyled\" data-block-weight=\"4\" data-block-id=\"19\">\n<p class=\"content-text__container \" data-track-category=\"Link no Texto\">Artigos de resid\u00eancia: 3,74%<\/p>\n<\/div>\n<div class=\"mc-column content-text active-extra-styles \" data-block-type=\"unstyled\" data-block-weight=\"4\" data-block-id=\"20\">\n<p class=\"content-text__container \" data-track-category=\"Link no Texto\">IPCA (infla\u00e7\u00e3o oficial): 3,69%<\/p>\n<\/div>\n<div class=\"mc-column content-text active-extra-styles \" data-block-type=\"unstyled\" data-block-weight=\"6\" data-block-id=\"21\">\n<p class=\"content-text__container \" data-track-category=\"Link no Texto\">Aposentadoria acima do m\u00ednimo (INPC): 3,43%<\/p>\n<\/div>\n<div class=\"mc-column content-text active-extra-styles \" data-block-type=\"unstyled\" data-block-weight=\"3\" data-block-id=\"22\">\n<p class=\"content-text__container \" data-track-category=\"Link no Texto\">Despesas pessoais: 2,98%<\/p>\n<\/div>\n<p>Im\u00f3veis (venda): -0,21%<\/p>\n<\/div>\n<\/div>\n<p class=\"noticia_fonte\">G1<\/p>\n","protected":false},"excerpt":{"rendered":"<p>O sal\u00e1rio m\u00ednimo teve aumento real (descontada a infla\u00e7\u00e3o) de 1,14% em 2019, segundo a Anefac (Associa\u00e7\u00e3o Nacional dos Executivos de Finan\u00e7as, Administra\u00e7\u00e3o e Contabilidade).&hellip; <\/p>\n","protected":false},"author":1,"featured_media":48430,"comment_status":"closed","ping_status":"closed","sticky":false,"template":"","format":"standard","meta":{"sfsi_plus_gutenberg_text_before_share":"","sfsi_plus_gutenberg_show_text_before_share":"","sfsi_plus_gutenberg_icon_type":"","sfsi_plus_gutenberg_icon_alignemt":"","sfsi_plus_gutenburg_max_per_row":"","footnotes":""},"categories":[2],"tags":[],"class_list":["post-81003","post","type-post","status-publish","format-standard","has-post-thumbnail","hentry","category-geral"],"_links":{"self":[{"href":"https:\/\/www.caririemacao.com\/1\/wp-json\/wp\/v2\/posts\/81003","targetHints":{"allow":["GET"]}}],"collection":[{"href":"https:\/\/www.caririemacao.com\/1\/wp-json\/wp\/v2\/posts"}],"about":[{"href":"https:\/\/www.caririemacao.com\/1\/wp-json\/wp\/v2\/types\/post"}],"author":[{"embeddable":true,"href":"https:\/\/www.caririemacao.com\/1\/wp-json\/wp\/v2\/users\/1"}],"replies":[{"embeddable":true,"href":"https:\/\/www.caririemacao.com\/1\/wp-json\/wp\/v2\/comments?post=81003"}],"version-history":[{"count":1,"href":"https:\/\/www.caririemacao.com\/1\/wp-json\/wp\/v2\/posts\/81003\/revisions"}],"predecessor-version":[{"id":81004,"href":"https:\/\/www.caririemacao.com\/1\/wp-json\/wp\/v2\/posts\/81003\/revisions\/81004"}],"wp:featuredmedia":[{"embeddable":true,"href":"https:\/\/www.caririemacao.com\/1\/wp-json\/wp\/v2\/media\/48430"}],"wp:attachment":[{"href":"https:\/\/www.caririemacao.com\/1\/wp-json\/wp\/v2\/media?parent=81003"}],"wp:term":[{"taxonomy":"category","embeddable":true,"href":"https:\/\/www.caririemacao.com\/1\/wp-json\/wp\/v2\/categories?post=81003"},{"taxonomy":"post_tag","embeddable":true,"href":"https:\/\/www.caririemacao.com\/1\/wp-json\/wp\/v2\/tags?post=81003"}],"curies":[{"name":"wp","href":"https:\/\/api.w.org\/{rel}","templated":true}]}}