{"id":81005,"date":"2019-01-13T16:25:12","date_gmt":"2019-01-13T19:25:12","guid":{"rendered":"http:\/\/www.caririemacao.com\/1\/?p=81005"},"modified":"2019-01-13T16:25:12","modified_gmt":"2019-01-13T19:25:12","slug":"novas-sentencas-de-lula-podem-sair-ate-abril","status":"publish","type":"post","link":"https:\/\/www.caririemacao.com\/1\/2019\/01\/13\/novas-sentencas-de-lula-podem-sair-ate-abril\/","title":{"rendered":"Novas senten\u00e7as de Lula podem sair at\u00e9 abril"},"content":{"rendered":"<p>Na mesa da ju\u00edza federal Gabriela Hardt \u2014 substituta de S\u00e9rgio Moro na 13.\u00aa Vara Federal de Curitiba \u2014 est\u00e3o dois processos da Opera\u00e7\u00e3o Lava Jato contra o ex-presidente Luiz In\u00e1cio Lula da Silva que podem ter senten\u00e7as at\u00e9 abril, quando o petista completa um ano de pris\u00e3o.<\/p>\n<p>Em caso de condena\u00e7\u00f5es, os dois processos que podem, segundo investigadores e advogados, triplicar a pena de pris\u00e3o de Lula s\u00e3o o da compra de um terreno para o Instituto Lula em S\u00e3o Paulo, e de um apartamento em S\u00e3o Bernardo do Campo e o do s\u00edtio em Atibaia (SP).<\/p>\n<p>Em ambos, o petista \u00e9 acusado de receber propina de empreiteiras por meio dos im\u00f3veis em troca de contratos da Petrobr\u00e1s.<\/p>\n<p>O caso do terreno deve ser o primeiro a ser julgado. Est\u00e1 conclu\u00eddo para senten\u00e7a desde 12 de dezembro. A a\u00e7\u00e3o do s\u00edtio chegou para a ju\u00edza substituta na semana passada e pode ser julgada pelo magistrado que ocupar\u00e1 a vaga de titular deixada por Moro.<\/p>\n<p>Investigadores da Lava Jato e advogados que atuam nos processos consideram o acervo de provas dessas a\u00e7\u00f5es mais robusto que o da primeira senten\u00e7a, em que Lula foi condenado por Moro em julho de 2017, no caso do triplex do Guaruj\u00e1 (SP). O ent\u00e3o juiz sentenciou o ex-presidente a 9 anos e 6 meses de pris\u00e3o\u00a0\u2014 posteriormente, a pena foi aumentada na segunda inst\u00e2ncia para 12 anos e 1 m\u00eas.<\/p>\n<p>Uma das provas desse acervo \u00e9 a dela\u00e7\u00e3o da Odebrecht, que ser\u00e1 usada pela primeira vez na Justi\u00e7a contra Lula. O material re\u00fane e-mails do empres\u00e1rio Marcelo Odebrecht, planilhas\u00a0\u2014 entre elas a &#8220;Italiano&#8221;, referente a uma conta &#8220;gerenciada&#8221; pelo ex-ministro e delator Antonio Palocci \u2014, registros cont\u00e1beis do Setor de Opera\u00e7\u00f5es Estruturadas da Odebrecht, como era chamado o &#8220;departamento de propinas&#8221; da empreiteira, e as confiss\u00f5es dos 77 executivos e ex-executivos da empresa.<\/p>\n<p>Nos arquivos do MyWebDay e Drousys\u00a0\u2014 programas de computador que serviram para controle cont\u00e1bil e de comunica\u00e7\u00e3o de despesas il\u00edcitas da Odebrecht \u2014 est\u00e3o boa parte das transa\u00e7\u00f5es que teriam Lula \u2014 identificado como &#8220;Amigo&#8221; nos registros da empresa \u2014 como benefici\u00e1rio de corrup\u00e7\u00e3o.<\/p>\n<p>Outro material apontado como prova contra Lula nos processos s\u00e3o os registros de custeio e montagem da cozinha do s\u00edtio de Atibaia pela OAS. S\u00e3o notas fiscais, projetos, e-mails e presta\u00e7\u00f5es de contas os envolvidos. Esse mesmo tipo de material foi usado na senten\u00e7a do ex-presidente no caso do tr\u00edplex.<\/p>\n<p>O acervo, segundo investigadores, conta ainda com contratos e recibos &#8220;simulados&#8221;, lan\u00e7amentos cont\u00e1beis de pagamentos que teriam ocultado propinas, e-mails, anota\u00e7\u00f5es, liga\u00e7\u00f5es telef\u00f4nicas, confiss\u00f5es de colaboradores, laudos periciais, entre outros, que comprovariam o envolvimento de Lula na corrup\u00e7\u00e3o na Petrobr\u00e1s.<\/p>\n<p>Nas alega\u00e7\u00f5es finais dos dois processos em que pede a condena\u00e7\u00e3o de Lula, o Minist\u00e9rio P\u00fablico Federal disse ter apresentado &#8220;vasto, s\u00f3lido e coeso acervo probat\u00f3rio&#8221;. Lista &#8220;provas documentais, testemunhais e periciais, inclusive obtidas em dilig\u00eancias de busca e apreens\u00e3o ou afastamento de sigilo banc\u00e1rio, fiscal e telem\u00e1tico&#8221;.<\/p>\n<p>Os procuradores anexaram ainda documentos que, segundo a for\u00e7a-tarefa, indicam que Lula atuou em 2009 para garantir a &#8220;perpetua\u00e7\u00e3o (do esquema), deixando de adotar qualquer provid\u00eancia para faz\u00ea-lo cessar&#8221;. Os processos apontam acerto de cerca de R$ 230 milh\u00f5es em propinas da Odebrecht e da OAS com pol\u00edticos e agentes p\u00fablicos ligados ao PT.<\/p>\n<p><strong>\u0091Parcialidade\u0092<\/strong><\/p>\n<p>A defesa de Lula sustenta que a indica\u00e7\u00e3o de diretores da Petrobr\u00e1s estava relacionada ao papel de Lula como presidente, n\u00e3o de &#8220;l\u00edder ou sequer participante de um esquema criminoso&#8221;. Segundo os advogados, n\u00e3o h\u00e1 provas de que ele \u00e9 o dono do s\u00edtio e o im\u00f3vel, comprovadamente, pertence a Fernando Bittar e Jonas Suassuna. &#8220;N\u00e3o sendo dono, n\u00e3o \u00e9 o benefici\u00e1rio das benfeitorias &#8221; Contesta ainda provas de que o petista teve envolvimento direto com a compra do terreno destinado ao instituto.<\/p>\n<p>Os advogados apontam supostas nulidades do processo e pedem a absolvi\u00e7\u00e3o do petista. Nas alega\u00e7\u00f5es finais do processo do s\u00edtio, a defesa dedica um cap\u00edtulo \u00e0 parte ao aceite de Moro para chefiar o Minist\u00e9rio da Justi\u00e7a do governo Jair Bolsonaro. Para os defensores, nem o ex-juiz nem Gabriela Hardt t\u00eam imparcialidade para julgar o petista.<\/p>\n","protected":false},"excerpt":{"rendered":"<p>Na mesa da ju\u00edza federal Gabriela Hardt \u2014 substituta de S\u00e9rgio Moro na 13.\u00aa Vara Federal de Curitiba \u2014 est\u00e3o dois processos da Opera\u00e7\u00e3o Lava&hellip; <\/p>\n","protected":false},"author":1,"featured_media":64671,"comment_status":"closed","ping_status":"closed","sticky":false,"template":"","format":"standard","meta":{"sfsi_plus_gutenberg_text_before_share":"","sfsi_plus_gutenberg_show_text_before_share":"","sfsi_plus_gutenberg_icon_type":"","sfsi_plus_gutenberg_icon_alignemt":"","sfsi_plus_gutenburg_max_per_row":"","footnotes":""},"categories":[11],"tags":[],"class_list":["post-81005","post","type-post","status-publish","format-standard","has-post-thumbnail","hentry","category-politica"],"_links":{"self":[{"href":"https:\/\/www.caririemacao.com\/1\/wp-json\/wp\/v2\/posts\/81005","targetHints":{"allow":["GET"]}}],"collection":[{"href":"https:\/\/www.caririemacao.com\/1\/wp-json\/wp\/v2\/posts"}],"about":[{"href":"https:\/\/www.caririemacao.com\/1\/wp-json\/wp\/v2\/types\/post"}],"author":[{"embeddable":true,"href":"https:\/\/www.caririemacao.com\/1\/wp-json\/wp\/v2\/users\/1"}],"replies":[{"embeddable":true,"href":"https:\/\/www.caririemacao.com\/1\/wp-json\/wp\/v2\/comments?post=81005"}],"version-history":[{"count":1,"href":"https:\/\/www.caririemacao.com\/1\/wp-json\/wp\/v2\/posts\/81005\/revisions"}],"predecessor-version":[{"id":81006,"href":"https:\/\/www.caririemacao.com\/1\/wp-json\/wp\/v2\/posts\/81005\/revisions\/81006"}],"wp:featuredmedia":[{"embeddable":true,"href":"https:\/\/www.caririemacao.com\/1\/wp-json\/wp\/v2\/media\/64671"}],"wp:attachment":[{"href":"https:\/\/www.caririemacao.com\/1\/wp-json\/wp\/v2\/media?parent=81005"}],"wp:term":[{"taxonomy":"category","embeddable":true,"href":"https:\/\/www.caririemacao.com\/1\/wp-json\/wp\/v2\/categories?post=81005"},{"taxonomy":"post_tag","embeddable":true,"href":"https:\/\/www.caririemacao.com\/1\/wp-json\/wp\/v2\/tags?post=81005"}],"curies":[{"name":"wp","href":"https:\/\/api.w.org\/{rel}","templated":true}]}}