{"id":81029,"date":"2019-01-14T08:35:25","date_gmt":"2019-01-14T11:35:25","guid":{"rendered":"http:\/\/www.caririemacao.com\/1\/?p=81029"},"modified":"2019-01-14T08:35:25","modified_gmt":"2019-01-14T11:35:25","slug":"arrecadacao-propria-da-paraiba-tem-crescimento-de-2071-em-dezembro","status":"publish","type":"post","link":"https:\/\/www.caririemacao.com\/1\/2019\/01\/14\/arrecadacao-propria-da-paraiba-tem-crescimento-de-2071-em-dezembro\/","title":{"rendered":"Arrecada\u00e7\u00e3o pr\u00f3pria da Para\u00edba tem crescimento de 20,71% em dezembro"},"content":{"rendered":"<p>A receita pr\u00f3pria do Estado (ICMS, IPVA, ITCD e Taxas) registrou, em dezembro \u00faltimo, uma arrecada\u00e7\u00e3o superior a R$ 603 milh\u00f5es. No mesmo per\u00edodo de 2017, a arrecada\u00e7\u00e3o foi de R$ 500 milh\u00f5es.<\/p>\n<p>No comparativo dos meses, houve crescimento de 20,71% da receita, ou seja, R$ 103 milh\u00f5es a mais de recursos dispon\u00edveis nos cofres estaduais.<\/p>\n<p>J\u00e1 em rela\u00e7\u00e3o aos recursos oriundos das transfer\u00eancias constitucionais do governo federal (FPE, Fundeb, Cide, Fex, IOF-Ouro, IPIExp, Lei Kandir e Royalties), a Para\u00edba p\u00f4de contabilizar em caixa, em dezembro \u00faltimo, cifra superior a R$ 444 milh\u00f5es.<\/p>\n<p>Em dezembro de 2017, foram transferidos R$ 414 milh\u00f5es, diferen\u00e7a de um ano para outro de R$ 29 milh\u00f5es, ou seja, 7,04%.<\/p>\n","protected":false},"excerpt":{"rendered":"<p>A receita pr\u00f3pria do Estado (ICMS, IPVA, ITCD e Taxas) registrou, em dezembro \u00faltimo, uma arrecada\u00e7\u00e3o superior a R$ 603 milh\u00f5es. No mesmo per\u00edodo de&hellip; <\/p>\n","protected":false},"author":1,"featured_media":47421,"comment_status":"closed","ping_status":"closed","sticky":false,"template":"","format":"standard","meta":{"sfsi_plus_gutenberg_text_before_share":"","sfsi_plus_gutenberg_show_text_before_share":"","sfsi_plus_gutenberg_icon_type":"","sfsi_plus_gutenberg_icon_alignemt":"","sfsi_plus_gutenburg_max_per_row":"","footnotes":""},"categories":[11],"tags":[],"class_list":["post-81029","post","type-post","status-publish","format-standard","has-post-thumbnail","hentry","category-politica"],"_links":{"self":[{"href":"https:\/\/www.caririemacao.com\/1\/wp-json\/wp\/v2\/posts\/81029","targetHints":{"allow":["GET"]}}],"collection":[{"href":"https:\/\/www.caririemacao.com\/1\/wp-json\/wp\/v2\/posts"}],"about":[{"href":"https:\/\/www.caririemacao.com\/1\/wp-json\/wp\/v2\/types\/post"}],"author":[{"embeddable":true,"href":"https:\/\/www.caririemacao.com\/1\/wp-json\/wp\/v2\/users\/1"}],"replies":[{"embeddable":true,"href":"https:\/\/www.caririemacao.com\/1\/wp-json\/wp\/v2\/comments?post=81029"}],"version-history":[{"count":1,"href":"https:\/\/www.caririemacao.com\/1\/wp-json\/wp\/v2\/posts\/81029\/revisions"}],"predecessor-version":[{"id":81030,"href":"https:\/\/www.caririemacao.com\/1\/wp-json\/wp\/v2\/posts\/81029\/revisions\/81030"}],"wp:featuredmedia":[{"embeddable":true,"href":"https:\/\/www.caririemacao.com\/1\/wp-json\/wp\/v2\/media\/47421"}],"wp:attachment":[{"href":"https:\/\/www.caririemacao.com\/1\/wp-json\/wp\/v2\/media?parent=81029"}],"wp:term":[{"taxonomy":"category","embeddable":true,"href":"https:\/\/www.caririemacao.com\/1\/wp-json\/wp\/v2\/categories?post=81029"},{"taxonomy":"post_tag","embeddable":true,"href":"https:\/\/www.caririemacao.com\/1\/wp-json\/wp\/v2\/tags?post=81029"}],"curies":[{"name":"wp","href":"https:\/\/api.w.org\/{rel}","templated":true}]}}