{"id":81031,"date":"2019-01-14T08:42:42","date_gmt":"2019-01-14T11:42:42","guid":{"rendered":"http:\/\/www.caririemacao.com\/1\/?p=81031"},"modified":"2019-01-14T08:42:42","modified_gmt":"2019-01-14T11:42:42","slug":"governo-edita-nesta-semana-medidas-sobre-posse-de-armas-e-fraudes-na-previdencia","status":"publish","type":"post","link":"https:\/\/www.caririemacao.com\/1\/2019\/01\/14\/governo-edita-nesta-semana-medidas-sobre-posse-de-armas-e-fraudes-na-previdencia\/","title":{"rendered":"Governo edita nesta semana medidas sobre posse de armas e fraudes na Previd\u00eancia"},"content":{"rendered":"<p>Esta semana ser\u00e1 de mudan\u00e7as na legisla\u00e7\u00e3o com a edi\u00e7\u00e3o de um decreto e uma medida provis\u00f3ria (MP), ambos aguardando aprova\u00e7\u00e3o do presidente Jair Bolsonaro. Uma delas flexibilizar\u00e1 a posse de armas de fogo no pa\u00eds. A outra combater\u00e1 fraudes no Instituto Nacional do Seguro Social (INSS).<\/p>\n<div class=\"content\">\n<p>As duas propostas passaram os \u00faltimos dias em fase de ajustes finais pela equipe t\u00e9cnica do governo e chegar\u00e3o \u00e0 mesa de Bolsonaro esta semana.<\/p>\n<p>Facilitar o acesso do cidad\u00e3o \u00e0 arma de fogo foi uma das principais propostas de Bolsonaro durante a campanha eleitoral. Em menos de um m\u00eas de governo, ele cumprir\u00e1 sua promessa e vai desburocratizar a posse desse tipo de arma.<\/p>\n<p>A MP deve tirar do delegado da Pol\u00edcia Federal (PF) a decis\u00e3o de conceder ou n\u00e3o a licen\u00e7a apenas com base na justificativa do solicitante. \u201c[Atualmente,] se o delegado n\u00e3o for com a sua cara, ele pode dizer n\u00e3o porque esse requisito da necessidade comprovada \u00e9 subjetivo, depende do arb\u00edtrio do delegado. Com o decreto, isso desaparece\u201d, disse o\u00a0deputado Alberto Fraga.<\/p>\n<div id=\"attachment_559778\" class=\"wp-caption aligncenter\"><img decoding=\"async\" class=\"wp-image-559778 size-full lazyload\" data-src=\"https:\/\/paraibaonline.com.br\/wp-content\/uploads\/2019\/01\/planalto1401.jpg\" data-srcset=\"https:\/\/paraibaonline.com.br\/wp-content\/uploads\/2019\/01\/planalto1401.jpg 1024w, https:\/\/paraibaonline.com.br\/wp-content\/uploads\/2019\/01\/planalto1401-567x378.jpg 567w, https:\/\/paraibaonline.com.br\/wp-content\/uploads\/2019\/01\/planalto1401-900x600.jpg 900w\" alt=\"Foto: Ag\u00eancia Brasil\" src=\"data:image\/svg+xml;base64,PHN2ZyB3aWR0aD0iMSIgaGVpZ2h0PSIxIiB4bWxucz0iaHR0cDovL3d3dy53My5vcmcvMjAwMC9zdmciPjwvc3ZnPg==\" \/><\/p>\n<p class=\"wp-caption-text\">Foto: Ag\u00eancia Brasil<\/p>\n<\/div>\n<p>Na semana passada, Fraga foi chamado por Bolsonaro para tratar do assunto, uma vez que relata na C\u00e2mara um projeto de flexibiliza\u00e7\u00e3o do Estatuto do Desarmamento.<\/p>\n<p>Segundo o deputado, ainda ser\u00e1 necess\u00e1rio embasar o pedido de posse de arma, mas a justificativa n\u00e3o poder\u00e1 ser usada como fundamento para uma negativa. Conforme o parlamentar, ser\u00e3o exigidos que o cidad\u00e3o n\u00e3o tenha antecedentes criminais e a aprova\u00e7\u00e3o em teste de aptid\u00e3o psicol\u00f3gica.<\/p>\n<p>O decreto dever\u00e1 aumentar para dez anos o prazo para renova\u00e7\u00e3o do registro de arma de fogo, al\u00e9m de conceder uma esp\u00e9cie de anistia para armas sem registro ou com o registro vencido. Ser\u00e1 concedido um prazo para o cadastro dessas armas na Pol\u00edcia Federal, desde que n\u00e3o tenham sido usadas para cometer crimes.<\/p>\n<p>Bolsonaro tamb\u00e9m est\u00e1 prestes a assinar uma MP que visa a diminuir de R$ 17 bilh\u00f5es a R$ 20 bilh\u00f5es as perdas na\u00a0seguridade social\u00a0at\u00e9 dezembro. O secret\u00e1rio especial da Previd\u00eancia e Trabalho, Rog\u00e9rio Marinho, esteve reunido com os ministros da Economia, Paulo Guedes, e da Casa Civil, Onyx Lorenzoni, na semana passada, para tratar do texto que promete\u00a0fechar o cerco\u00a0\u00e0s fraudes em benef\u00edcios previdenci\u00e1rios.<\/p>\n<p>\u201c[O presidente] assinando, passa a ser do conhecimento p\u00fablico e a gente vai poder explicar em detalhes o que pretende nesse projeto, que combate a fraude, aperfei\u00e7oa os mecanismos de valida\u00e7\u00e3o de benef\u00edcio em todo o pa\u00eds e atende a uma preocupa\u00e7\u00e3o da sociedade como um todo\u201d, disse na ocasi\u00e3o.<\/p>\n<p>Conforme o secret\u00e1rio, a MP tamb\u00e9m vai trazer \u201cseguran\u00e7a jur\u00eddica\u201d para o INSS. \u201cEstamos prevendo algumas altera\u00e7\u00f5es na legisla\u00e7\u00e3o que v\u00e3o dar uma seguran\u00e7a jur\u00eddica ao pr\u00f3prio trabalho do INSS. Ao longo dos \u00faltimos anos, v\u00e1rias a\u00e7\u00f5es feitas pelo INSS para aperfei\u00e7oar o sistema esbarraram na falta de fundamenta\u00e7\u00e3o legal. Essas dificuldades que foram identificadas est\u00e3o sendo corrigidas\u201d.<\/p>\n<p>De acordo com ele, existem mais de 2 milh\u00f5es de benef\u00edcios que devem ser auditados pela Receita Federal. S\u00e3o benef\u00edcios que t\u00eam ind\u00edcios de ilicitude e devem passar por um mutir\u00e3o de investiga\u00e7\u00e3o. \u201cH\u00e1 relat\u00f3rios de a\u00e7\u00f5es anteriores, inclusive convalidados pelo TCU [Tribunal de Contas da Uni\u00e3o], que demonstram uma incid\u00eancia de 16% a 30% de fraudes nesse tipo de benef\u00edcio\u201d.<\/p>\n<\/div>\n<p>&nbsp;<\/p>\n<p>EBC<\/p>\n","protected":false},"excerpt":{"rendered":"<p>Esta semana ser\u00e1 de mudan\u00e7as na legisla\u00e7\u00e3o com a edi\u00e7\u00e3o de um decreto e uma medida provis\u00f3ria (MP), ambos aguardando aprova\u00e7\u00e3o do presidente Jair Bolsonaro.&hellip; <\/p>\n","protected":false},"author":1,"featured_media":81032,"comment_status":"closed","ping_status":"closed","sticky":false,"template":"","format":"standard","meta":{"sfsi_plus_gutenberg_text_before_share":"","sfsi_plus_gutenberg_show_text_before_share":"","sfsi_plus_gutenberg_icon_type":"","sfsi_plus_gutenberg_icon_alignemt":"","sfsi_plus_gutenburg_max_per_row":"","footnotes":""},"categories":[11],"tags":[],"class_list":["post-81031","post","type-post","status-publish","format-standard","has-post-thumbnail","hentry","category-politica"],"_links":{"self":[{"href":"https:\/\/www.caririemacao.com\/1\/wp-json\/wp\/v2\/posts\/81031","targetHints":{"allow":["GET"]}}],"collection":[{"href":"https:\/\/www.caririemacao.com\/1\/wp-json\/wp\/v2\/posts"}],"about":[{"href":"https:\/\/www.caririemacao.com\/1\/wp-json\/wp\/v2\/types\/post"}],"author":[{"embeddable":true,"href":"https:\/\/www.caririemacao.com\/1\/wp-json\/wp\/v2\/users\/1"}],"replies":[{"embeddable":true,"href":"https:\/\/www.caririemacao.com\/1\/wp-json\/wp\/v2\/comments?post=81031"}],"version-history":[{"count":1,"href":"https:\/\/www.caririemacao.com\/1\/wp-json\/wp\/v2\/posts\/81031\/revisions"}],"predecessor-version":[{"id":81033,"href":"https:\/\/www.caririemacao.com\/1\/wp-json\/wp\/v2\/posts\/81031\/revisions\/81033"}],"wp:featuredmedia":[{"embeddable":true,"href":"https:\/\/www.caririemacao.com\/1\/wp-json\/wp\/v2\/media\/81032"}],"wp:attachment":[{"href":"https:\/\/www.caririemacao.com\/1\/wp-json\/wp\/v2\/media?parent=81031"}],"wp:term":[{"taxonomy":"category","embeddable":true,"href":"https:\/\/www.caririemacao.com\/1\/wp-json\/wp\/v2\/categories?post=81031"},{"taxonomy":"post_tag","embeddable":true,"href":"https:\/\/www.caririemacao.com\/1\/wp-json\/wp\/v2\/tags?post=81031"}],"curies":[{"name":"wp","href":"https:\/\/api.w.org\/{rel}","templated":true}]}}