{"id":81035,"date":"2019-01-14T08:45:23","date_gmt":"2019-01-14T11:45:23","guid":{"rendered":"http:\/\/www.caririemacao.com\/1\/?p=81035"},"modified":"2019-01-14T08:45:23","modified_gmt":"2019-01-14T11:45:23","slug":"uepb-abre-inscricoes-de-transferencia-para-alunos-de-outras-instituicoes-para-2019","status":"publish","type":"post","link":"https:\/\/www.caririemacao.com\/1\/2019\/01\/14\/uepb-abre-inscricoes-de-transferencia-para-alunos-de-outras-instituicoes-para-2019\/","title":{"rendered":"UEPB abre inscri\u00e7\u00f5es de transfer\u00eancia para alunos de outras institui\u00e7\u00f5es para 2019"},"content":{"rendered":"<p>A Universidade Estadual da Para\u00edba (UEPB) abre transfer\u00eancia para alunos de outras institui\u00e7\u00f5es para o ano letivo de 2019.1, nesta segunda-feira (14). As inscri\u00e7\u00f5es para o Processo Seletivo de Admiss\u00e3o por Transfer\u00eancia Volunt\u00e1ria (PSATV) poder\u00e3o ser feitas\u00a0at\u00e9 as 19h do dia 25 de janeiro, atrav\u00e9s do\u00a0<a href=\"https:\/\/cpcon.uepb.edu.br\/sigeps-app\/login\" target=\"true\">endere\u00e7o eletr\u00f4nico do CPCon<\/a>.<\/p>\n<p><a href=\"http:\/\/www.uepb.edu.br\/download\/1_2\/outros_editais\/Transferencia-Voluntaria-2019.1-Edital.pdf\" target=\"true\">Clique aqui e confira o edital<\/a><\/p>\n<p>No mesmo per\u00edodo, das 7h \u00e0s 13h, os candidatos devem comparecer na Pr\u00f3-Reitoria de Gradua\u00e7\u00e3o (Prograd) da universidade, localizada na rua Bara\u00fanas, n\u00ba 351, bairro Universit\u00e1rio, para a entrega da documenta\u00e7\u00e3o necess\u00e1ria para avalia\u00e7\u00e3o e homologa\u00e7\u00e3o da inscri\u00e7\u00e3o. A documenta\u00e7\u00e3o exigida dever\u00e1 ser encadernada em capas pl\u00e1sticas em espiral.<\/p>\n<p>As vagas ser\u00e3o destinadas para o mesmo curso de origem, n\u00e3o sendo permitida op\u00e7\u00e3o para curso diferente.<\/p>\n<p>Somente poder\u00e3o solicitar transfer\u00eancia de outras Institui\u00e7\u00f5es de Ensino Superior (IES), candidatos que no per\u00edodo letivo determinado para as inscri\u00e7\u00f5es, apresentem requerimento \u00e0 Prograd, comprovando o v\u00ednculo com a institui\u00e7\u00e3o de origem no curso de transfer\u00eancia e que tenham integralizado um per\u00edodo m\u00ednimo de um semestre letivo antes da data de inscri\u00e7\u00e3o.<\/p>\n<p>A prova de Produ\u00e7\u00e3o Textual ser\u00e1 realizada no dia 20 de fevereiro, na Central de Integra\u00e7\u00e3o Acad\u00eamica, no C\u00e2mpus de Bodocong\u00f3, das 14h \u00e0s 16h. O resultado final da sele\u00e7\u00e3o ser\u00e1 divulgado no dia 25 do mesmo m\u00eas. Os candidatos selecionados dentro do n\u00famero de vagas oferecidas dever\u00e3o comparecer \u00e0 Prograd no dia 1\u00ba de mar\u00e7o.<\/p>\n<p>A matr\u00edcula em componentes curriculares ser\u00e1 efetuada na coordena\u00e7\u00e3o do curso, no dia 7 de mar\u00e7o.<\/p>\n<p>&nbsp;<\/p>\n<p>Para\u00edba J\u00e1<\/p>\n<div class=\"fbcb_container\" align=\"center\">\n<h3 class=\"fbcb_leave_cmnt_label\"><\/h3>\n<\/div>\n","protected":false},"excerpt":{"rendered":"<p>A Universidade Estadual da Para\u00edba (UEPB) abre transfer\u00eancia para alunos de outras institui\u00e7\u00f5es para o ano letivo de 2019.1, nesta segunda-feira (14). As inscri\u00e7\u00f5es para&hellip; <\/p>\n","protected":false},"author":1,"featured_media":9765,"comment_status":"closed","ping_status":"closed","sticky":false,"template":"","format":"standard","meta":{"sfsi_plus_gutenberg_text_before_share":"","sfsi_plus_gutenberg_show_text_before_share":"","sfsi_plus_gutenberg_icon_type":"","sfsi_plus_gutenberg_icon_alignemt":"","sfsi_plus_gutenburg_max_per_row":"","footnotes":""},"categories":[14],"tags":[],"class_list":["post-81035","post","type-post","status-publish","format-standard","has-post-thumbnail","hentry","category-educacao"],"_links":{"self":[{"href":"https:\/\/www.caririemacao.com\/1\/wp-json\/wp\/v2\/posts\/81035","targetHints":{"allow":["GET"]}}],"collection":[{"href":"https:\/\/www.caririemacao.com\/1\/wp-json\/wp\/v2\/posts"}],"about":[{"href":"https:\/\/www.caririemacao.com\/1\/wp-json\/wp\/v2\/types\/post"}],"author":[{"embeddable":true,"href":"https:\/\/www.caririemacao.com\/1\/wp-json\/wp\/v2\/users\/1"}],"replies":[{"embeddable":true,"href":"https:\/\/www.caririemacao.com\/1\/wp-json\/wp\/v2\/comments?post=81035"}],"version-history":[{"count":1,"href":"https:\/\/www.caririemacao.com\/1\/wp-json\/wp\/v2\/posts\/81035\/revisions"}],"predecessor-version":[{"id":81036,"href":"https:\/\/www.caririemacao.com\/1\/wp-json\/wp\/v2\/posts\/81035\/revisions\/81036"}],"wp:featuredmedia":[{"embeddable":true,"href":"https:\/\/www.caririemacao.com\/1\/wp-json\/wp\/v2\/media\/9765"}],"wp:attachment":[{"href":"https:\/\/www.caririemacao.com\/1\/wp-json\/wp\/v2\/media?parent=81035"}],"wp:term":[{"taxonomy":"category","embeddable":true,"href":"https:\/\/www.caririemacao.com\/1\/wp-json\/wp\/v2\/categories?post=81035"},{"taxonomy":"post_tag","embeddable":true,"href":"https:\/\/www.caririemacao.com\/1\/wp-json\/wp\/v2\/tags?post=81035"}],"curies":[{"name":"wp","href":"https:\/\/api.w.org\/{rel}","templated":true}]}}