{"id":81039,"date":"2019-01-14T09:42:57","date_gmt":"2019-01-14T12:42:57","guid":{"rendered":"http:\/\/www.caririemacao.com\/1\/?p=81039"},"modified":"2019-01-14T09:42:57","modified_gmt":"2019-01-14T12:42:57","slug":"macri-vem-ao-brasil-para-conversar-com-bolsonaro-nesta-semana","status":"publish","type":"post","link":"https:\/\/www.caririemacao.com\/1\/2019\/01\/14\/macri-vem-ao-brasil-para-conversar-com-bolsonaro-nesta-semana\/","title":{"rendered":"Macri vem ao Brasil para conversar com Bolsonaro nesta semana"},"content":{"rendered":"<p>O presidente da Argentina, Mauricio Macri, ir\u00e1 se reunir, pela primeira vez, com o presidente Jair Bolsonaro na pr\u00f3xima quarta-feira (16), em Bras\u00edlia. Al\u00e9m dos temas bilaterais de interesse da Argentina e do Brasil, eles devem tratar de preocupa\u00e7\u00f5es comuns, como o agravamento da situa\u00e7\u00e3o na Venezuela e Nicar\u00e1gua.<\/p>\n<p>Assim como o Brasil, Argentina assinou no \u00e2mbito do Grupo de Lima, que re\u00fane 14 pa\u00edses, declara\u00e7\u00e3o conjunta em que n\u00e3o reconhecem a legitimidade do segundo mandato do presidente da Venezuela, Nicol\u00e1s Maduro, e defendem novas elei\u00e7\u00f5es.<\/p>\n<div class=\"dnd-widget-wrapper context-cheio_8colunas type-image\">\n<div class=\"dnd-atom-rendered\"><!-- scald=14635:cheio_8colunas --><\/p>\n<figure class=\"mejs-fotoh-wrapper\"><img decoding=\"async\" class=\"img-responsive full full lazyload\" title=\"Marcelo Camargo\/Ag\u00eancia Brasil\" data-src=\"http:\/\/imagens.ebc.com.br\/pBLR7EXycLVD2w5Qyo_OeQe1ZK0=\/754x0\/smart\/http:\/\/agenciabrasil.ebc.com.br\/sites\/default\/files\/atoms\/image\/1064557-1%20-%2007.02.2017_mcagm-1830.jpg?itok=0N1pRI7K\" alt=\"Bras\u00edlia - Presidente da Argentina, Mauricio Macri, deixa o Congresso Nacional ap\u00f3s ser recebido pelos presidentes da C\u00e2mara dos Deputados, Rodrigo Maia, e do Senado, Eun\u00edcio Oliveira (Marcelo Camargo\/Ag\u00eancia Brasil)\" src=\"data:image\/svg+xml;base64,PHN2ZyB3aWR0aD0iMSIgaGVpZ2h0PSIxIiB4bWxucz0iaHR0cDovL3d3dy53My5vcmcvMjAwMC9zdmciPjwvc3ZnPg==\" \/><\/figure>\n<p><!-- END scald=14635 --><\/div>\n<div class=\"dnd-caption-wrapper\">\n<div class=\"meta\"><!--copyright=14635-->O presidente Mauricio Macri visitar\u00e1 Bras\u00edlia esta semana\u00a0\u00a0\u00a0 <strong>(<\/strong><strong>Marcelo Camargo\/Ag\u00eancia Brasil)<\/strong><!--END copyright=14635--><\/div>\n<\/div>\n<\/div>\n<p>Ontem (13), o Grupo de Lima, com exce\u00e7\u00e3o do M\u00e9xico, emitiu declara\u00e7\u00e3o condenando a pris\u00e3o do presidente da Assembleia Nacional Constituinte da Venezuela, Juan Gauaib\u00f3, que \u00e9 de oposi\u00e7\u00e3o.<\/p>\n<h2>Compromissos<\/h2>\n<p>Antes da viagem ao Brasil, Macri cumprir\u00e1 agenda interna na Argentina. Ele ir\u00e1 \u00e0s prov\u00edncias da Terra do Fogo, Santa Cruz e Chubut. As visitas a Santa Cruz e Tierra del Fuego ser\u00e3o as primeiras que far\u00e1 \u00e0 regi\u00e3o.<\/p>\n<p>Macri vive um momento de tens\u00e3o na Argentina com cr\u00edticas internas em decorr\u00eancia da infla\u00e7\u00e3o alta e desvaloriza\u00e7\u00e3o da moeda local (o peso argentino). No ano passado, recorreu a empr\u00e9stimos do Fundo Monet\u00e1rio Internacional (FMI), que imp\u00f4s exig\u00eancias ao governo, como corte de gastos e conten\u00e7\u00e3o de despesas.<\/p>\n<p>&nbsp;<\/p>\n<p>EBC<\/p>\n","protected":false},"excerpt":{"rendered":"<p>O presidente da Argentina, Mauricio Macri, ir\u00e1 se reunir, pela primeira vez, com o presidente Jair Bolsonaro na pr\u00f3xima quarta-feira (16), em Bras\u00edlia. Al\u00e9m dos&hellip; <\/p>\n","protected":false},"author":1,"featured_media":81040,"comment_status":"closed","ping_status":"closed","sticky":false,"template":"","format":"standard","meta":{"sfsi_plus_gutenberg_text_before_share":"","sfsi_plus_gutenberg_show_text_before_share":"","sfsi_plus_gutenberg_icon_type":"","sfsi_plus_gutenberg_icon_alignemt":"","sfsi_plus_gutenburg_max_per_row":"","footnotes":""},"categories":[11],"tags":[],"class_list":["post-81039","post","type-post","status-publish","format-standard","has-post-thumbnail","hentry","category-politica"],"_links":{"self":[{"href":"https:\/\/www.caririemacao.com\/1\/wp-json\/wp\/v2\/posts\/81039","targetHints":{"allow":["GET"]}}],"collection":[{"href":"https:\/\/www.caririemacao.com\/1\/wp-json\/wp\/v2\/posts"}],"about":[{"href":"https:\/\/www.caririemacao.com\/1\/wp-json\/wp\/v2\/types\/post"}],"author":[{"embeddable":true,"href":"https:\/\/www.caririemacao.com\/1\/wp-json\/wp\/v2\/users\/1"}],"replies":[{"embeddable":true,"href":"https:\/\/www.caririemacao.com\/1\/wp-json\/wp\/v2\/comments?post=81039"}],"version-history":[{"count":1,"href":"https:\/\/www.caririemacao.com\/1\/wp-json\/wp\/v2\/posts\/81039\/revisions"}],"predecessor-version":[{"id":81041,"href":"https:\/\/www.caririemacao.com\/1\/wp-json\/wp\/v2\/posts\/81039\/revisions\/81041"}],"wp:featuredmedia":[{"embeddable":true,"href":"https:\/\/www.caririemacao.com\/1\/wp-json\/wp\/v2\/media\/81040"}],"wp:attachment":[{"href":"https:\/\/www.caririemacao.com\/1\/wp-json\/wp\/v2\/media?parent=81039"}],"wp:term":[{"taxonomy":"category","embeddable":true,"href":"https:\/\/www.caririemacao.com\/1\/wp-json\/wp\/v2\/categories?post=81039"},{"taxonomy":"post_tag","embeddable":true,"href":"https:\/\/www.caririemacao.com\/1\/wp-json\/wp\/v2\/tags?post=81039"}],"curies":[{"name":"wp","href":"https:\/\/api.w.org\/{rel}","templated":true}]}}