{"id":81043,"date":"2019-01-14T09:50:33","date_gmt":"2019-01-14T12:50:33","guid":{"rendered":"http:\/\/www.caririemacao.com\/1\/?p=81043"},"modified":"2019-01-14T09:50:33","modified_gmt":"2019-01-14T12:50:33","slug":"maioria-quer-reducao-da-maioridade-penal-de-18-para-16-anos-segundo-datafolha","status":"publish","type":"post","link":"https:\/\/www.caririemacao.com\/1\/2019\/01\/14\/maioria-quer-reducao-da-maioridade-penal-de-18-para-16-anos-segundo-datafolha\/","title":{"rendered":"Maioria quer redu\u00e7\u00e3o da maioridade penal de 18 para 16 anos, segundo Datafolha"},"content":{"rendered":"<p>A maioria dos brasileiros, 84%, \u00e9 favor\u00e1vel \u00e0 redu\u00e7\u00e3o da maioridade penal de 18 para 16 anos, segundo pesquisa do Datafolha. Apenas 14% s\u00e3o contr\u00e1rios \u00e0 altera\u00e7\u00e3o \u20142% s\u00e3o indiferentes ou n\u00e3o opinaram.<\/p>\n<p>O \u00edndice se manteve est\u00e1vel desde o \u00faltimo levantamento, em novembro de 2017. O apoio \u00e0 diminui\u00e7\u00e3o da maioridade chegou a ser de 87% em abril de 2015.<\/p>\n<p>Dos que s\u00e3o favor\u00e1veis \u00e0 redu\u00e7\u00e3o, 33% defendem que a medida deve valer somente para determinados crimes, enquanto 67% acham que ela deve ser aplicada a todos os tipos.<\/p>\n<div id=\"_dynad_c_I5550010343_15474555222901716583147\">\n<div><iframe id=\"IF5550010343_15474555222901716583147\" data-src=\"https:\/\/s.dynad.net\/stack\/RZNcan3e1wC5zaMIQlGXmtF0BL7a_M_Nhd7dDcrVZDLDVKbQ_tcj7XAQPsWhT1lh.html\" name=\"I5550010343_15474555222901716583147\" width=\"100%\" height=\"0\" frameborder=\"0\" marginwidth=\"0\" marginheight=\"0\" scrolling=\"No\" align=\"top\" data-mce-fragment=\"1\" src=\"data:image\/svg+xml;base64,PHN2ZyB3aWR0aD0iMSIgaGVpZ2h0PSIxIiB4bWxucz0iaHR0cDovL3d3dy53My5vcmcvMjAwMC9zdmciPjwvc3ZnPg==\" class=\"lazyload\" data-load-mode=\"1\"><\/iframe><\/div>\n<\/div>\n<p>A idade m\u00ednima apontada pelos entrevistados foi de 15 anos, em m\u00e9dia, para que uma pessoa possa ser presa por um crime. Para 45%, a faixa et\u00e1ria m\u00ednima deveria ser de 16 a 17 anos e, para 28%, de 13 a 15 anos. Uma minoria, de 9%, acha que a idade m\u00ednima ideal \u00e9 de 12 anos. Na outra ponta, 15% defendem que uma pessoa, para ser presa, tenha pelo menos entre 18 e 21.<\/p>\n<p>Foram entrevistadas 2.077 pessoas em 130 munic\u00edpios em todas as regi\u00f5es do pa\u00eds, entre 18 e 19 de dezembro de 2018. A margem de erro \u00e9 de dois pontos percentuais, para mais ou para menos.<\/p>\n<p>As mulheres, comparadas aos homens, tendem a ser mais contr\u00e1rias \u00e0 redu\u00e7\u00e3o da idade penal: 17% delas n\u00e3o apoiam a medida. Entre os homens, esse \u00edndice \u00e9 de 11%.<\/p>\n<div>\n<div id=\"infographic-1\" class=\"widget-infographic js-widget-infographic\" data-url=\"https:\/\/arte.folha.uol.com.br\/graficos\/8UEDu\/\" data-infographic-id=\"infographic-1\"><iframe data-src=\"https:\/\/arte.folha.uol.com.br\/graficos\/8UEDu\/?initialWidth=630&amp;childId=infographic-1&amp;parentTitle=Maioria%20quer%20redu%C3%A7%C3%A3o%20da%20maioridade%20penal%20de%2018%20para%2016%20anos%2C%20segundo%20Datafolha%20-%2014%2F01%2F2019%20-%20Cotidiano%20-%20Folha&amp;parentUrl=https%3A%2F%2Fwww1.folha.uol.com.br%2Fcotidiano%2F2019%2F01%2Fmaioria-quer-reducao-da-maioridade-penal-de-18-para-16-anos-segundo-datafolha.shtml\" width=\"100%\" height=\"476\" frameborder=\"0\" marginheight=\"0\" scrolling=\"no\" data-mce-fragment=\"1\" src=\"data:image\/svg+xml;base64,PHN2ZyB3aWR0aD0iMSIgaGVpZ2h0PSIxIiB4bWxucz0iaHR0cDovL3d3dy53My5vcmcvMjAwMC9zdmciPjwvc3ZnPg==\" class=\"lazyload\" data-load-mode=\"1\"><\/iframe><\/div>\n<\/div>\n<div>\n<div id=\"infographic-2\" class=\"widget-infographic js-widget-infographic\" data-url=\"https:\/\/arte.folha.uol.com.br\/graficos\/VRz0A\/\" data-infographic-id=\"infographic-2\"><iframe data-src=\"https:\/\/arte.folha.uol.com.br\/graficos\/VRz0A\/?initialWidth=630&amp;childId=infographic-2&amp;parentTitle=Maioria%20quer%20redu%C3%A7%C3%A3o%20da%20maioridade%20penal%20de%2018%20para%2016%20anos%2C%20segundo%20Datafolha%20-%2014%2F01%2F2019%20-%20Cotidiano%20-%20Folha&amp;parentUrl=https%3A%2F%2Fwww1.folha.uol.com.br%2Fcotidiano%2F2019%2F01%2Fmaioria-quer-reducao-da-maioridade-penal-de-18-para-16-anos-segundo-datafolha.shtml\" width=\"100%\" height=\"476\" frameborder=\"0\" marginheight=\"0\" scrolling=\"no\" data-mce-fragment=\"1\" src=\"data:image\/svg+xml;base64,PHN2ZyB3aWR0aD0iMSIgaGVpZ2h0PSIxIiB4bWxucz0iaHR0cDovL3d3dy53My5vcmcvMjAwMC9zdmciPjwvc3ZnPg==\" class=\"lazyload\" data-load-mode=\"1\"><\/iframe><\/div>\n<\/div>\n<p>O mesmo ocorre com pessoas mais instru\u00eddas e mais ricas. Dos entrevistados com ensino superior, 22% s\u00e3o contr\u00e1rios \u00e0 altera\u00e7\u00e3o, percentual que cai para 10% entre aqueles com ensino m\u00e9dio, por exemplo.<\/p>\n<p>Entre brasileiros com renda familiar acima de dez sal\u00e1rios m\u00ednimos, a parcela contr\u00e1ria \u00e0 redu\u00e7\u00e3o da idade penal \u00e9 de 25%, enquanto apenas 12% das pessoas com renda de dois a cinco sal\u00e1rios m\u00ednimos rejeitam a medida.<\/p>\n<div>O debate em torno da\u00a0redu\u00e7\u00e3o da maioridade pena tende a ganhar for\u00e7a neste ano, com Jair Bolsonaro (PSL) na Presid\u00eancia. Durante a campanha, ele defendeu a altera\u00e7\u00e3o da idade em seus discursos, e a proposta constava, de forma enf\u00e1tica, do seu plano de governo: \u201cReduzir a maioridade penal para 16 anos!\u201d<\/div>\n<div><\/div>\n<div>Em entrevista \u00e0 Band, ap\u00f3s eleito, Bolsonaro chegou a dizer que considerava 14 anos a idade ideal. \u201cSe n\u00e3o for poss\u00edvel 16 [anos], passa para 17, da\u00ed o futuro presidente, se tiver resultado, tenta o 16. Eu gostaria que fosse 14, mas se botar 14 a chance \u00e9 quase zero de ser aprovado [no Congresso]\u201d, afirmou.<\/div>\n<div><\/div>\n<div>O\u00a0ex-juiz Sergio Moro,\u00a0que comanda\u00a0o Minist\u00e9rio da Justi\u00e7a, disse ser \u201cbastante razo\u00e1vel\u201d a redu\u00e7\u00e3o da maioridade para 16\u00a0em casos de crimes graves e citou projetos em tramita\u00e7\u00e3o no Congresso com esse teor.<\/div>\n<p>\u201cPessoa menor de 18 anos deve ser protegida, o adolescente. Muitas vezes ele n\u00e3o tem uma compreens\u00e3o completa das consequ\u00eancias dos seus atos, mas um adolescente acima dos 16 j\u00e1 tem condi\u00e7\u00f5es de percep\u00e7\u00e3o de que, por exemplo, n\u00e3o pode matar. Ent\u00e3o ter um tratamento diferenciado para esse tipo de crime me parece algo assim bastante razo\u00e1vel\u201d, afirmou em entrevista coletiva em novembro passado.<\/p>\n<p class=\"noticia_fonte\">Folha de S\u00e3o Paulo<\/p>\n","protected":false},"excerpt":{"rendered":"<p>A maioria dos brasileiros, 84%, \u00e9 favor\u00e1vel \u00e0 redu\u00e7\u00e3o da maioridade penal de 18 para 16 anos, segundo pesquisa do Datafolha. Apenas 14% s\u00e3o contr\u00e1rios&hellip; <\/p>\n","protected":false},"author":1,"featured_media":80559,"comment_status":"closed","ping_status":"closed","sticky":false,"template":"","format":"standard","meta":{"sfsi_plus_gutenberg_text_before_share":"","sfsi_plus_gutenberg_show_text_before_share":"","sfsi_plus_gutenberg_icon_type":"","sfsi_plus_gutenberg_icon_alignemt":"","sfsi_plus_gutenburg_max_per_row":"","footnotes":""},"categories":[50,2],"tags":[],"class_list":["post-81043","post","type-post","status-publish","format-standard","has-post-thumbnail","hentry","category-destaque","category-geral"],"_links":{"self":[{"href":"https:\/\/www.caririemacao.com\/1\/wp-json\/wp\/v2\/posts\/81043","targetHints":{"allow":["GET"]}}],"collection":[{"href":"https:\/\/www.caririemacao.com\/1\/wp-json\/wp\/v2\/posts"}],"about":[{"href":"https:\/\/www.caririemacao.com\/1\/wp-json\/wp\/v2\/types\/post"}],"author":[{"embeddable":true,"href":"https:\/\/www.caririemacao.com\/1\/wp-json\/wp\/v2\/users\/1"}],"replies":[{"embeddable":true,"href":"https:\/\/www.caririemacao.com\/1\/wp-json\/wp\/v2\/comments?post=81043"}],"version-history":[{"count":1,"href":"https:\/\/www.caririemacao.com\/1\/wp-json\/wp\/v2\/posts\/81043\/revisions"}],"predecessor-version":[{"id":81044,"href":"https:\/\/www.caririemacao.com\/1\/wp-json\/wp\/v2\/posts\/81043\/revisions\/81044"}],"wp:featuredmedia":[{"embeddable":true,"href":"https:\/\/www.caririemacao.com\/1\/wp-json\/wp\/v2\/media\/80559"}],"wp:attachment":[{"href":"https:\/\/www.caririemacao.com\/1\/wp-json\/wp\/v2\/media?parent=81043"}],"wp:term":[{"taxonomy":"category","embeddable":true,"href":"https:\/\/www.caririemacao.com\/1\/wp-json\/wp\/v2\/categories?post=81043"},{"taxonomy":"post_tag","embeddable":true,"href":"https:\/\/www.caririemacao.com\/1\/wp-json\/wp\/v2\/tags?post=81043"}],"curies":[{"name":"wp","href":"https:\/\/api.w.org\/{rel}","templated":true}]}}