{"id":81071,"date":"2019-01-14T13:08:49","date_gmt":"2019-01-14T16:08:49","guid":{"rendered":"http:\/\/www.caririemacao.com\/1\/?p=81071"},"modified":"2019-01-14T13:08:49","modified_gmt":"2019-01-14T16:08:49","slug":"criminosos-detonam-bomba-em-ponte-e-atiram-contra-guarda-municipal-no-ceara","status":"publish","type":"post","link":"https:\/\/www.caririemacao.com\/1\/2019\/01\/14\/criminosos-detonam-bomba-em-ponte-e-atiram-contra-guarda-municipal-no-ceara\/","title":{"rendered":"Criminosos detonam bomba em ponte e atiram contra Guarda Municipal no Cear\u00e1"},"content":{"rendered":"<p>Criminosos detonaram uma bomba em uma ponte e atiraram contra a sede da Guarda Municipal neste domingo (13) em Fortaleza.<\/p>\n<p>A ponte atingida \u00e9 uma liga\u00e7\u00e3o entre os bairros Bonsucesso, Conjunto Cear\u00e1 e Granja Portugal, na periferia de Fortaleza. A estrutura chegou a ser temporariamente bloqueada para uma avalia\u00e7\u00e3o de danos, mas foi liberada para carros e pedestres na manh\u00e3 desta segunda-feira (14).<\/p>\n<p>A base da Guarda Municipal de Fortaleza, no bairro de Passar\u00e9, foi atingida por tiros na noite de domingo. Os bandidos fugiram ap\u00f3s o ataque.\u00a0No interior, os bandidos incendiaram um \u00f4nibus escolar e atacaram sede de uma C\u00e2mara Municipal.<\/p>\n<p>O ataque ao \u00f4nibus escolar aconteceu no munic\u00edpio de Saboeiro (437 km de Fortaleza) por volta das 21h30 deste domingo. O ve\u00edculo estava estacionado em uma garagem quando foi incendiado e o ataque n\u00e3o deixou feridos.<\/p>\n<p>J\u00e1 a sede da C\u00e2mara ade Vereadores de Tucuru (116 km da capital) foi atingida por tiros durante a madrugada. N\u00e3o houve feridos, mas vidros foram estilha\u00e7ados e a estrutura do pr\u00e9dio danificada.<\/p>\n<p>A pol\u00edcia tamb\u00e9m encontrou uma granada na esta\u00e7\u00e3o de metr\u00f4 de S\u00e3o Miguel, em Caucaia, cidade da Grande Fortaleza. O artefato foi detonado pelo esquadr\u00e3o antibombas da pol\u00edcia militar do Cear\u00e1.<\/p>\n<p>Na madrugada desta segunda-feira, a pol\u00edcia frustrou a a\u00e7\u00e3o de um grupo que tentou incendiar um posto de combust\u00edveis no bairro Bom jardim, na capital. Segundo a pol\u00edcia, houve troca de tiros e um dos suspeitos acabou morrendo,<\/p>\n<p>J\u00e1 s\u00e3o 204 ataques de fac\u00e7\u00f5es criminosas registrados desde o dia 2 de janeiro. Os ataques foram iniciados ap\u00f3s a decis\u00e3o do governo do estado de n\u00e3o separar mais os integrantes de fac\u00e7\u00f5es nos pres\u00eddios cearenses.<\/p>\n<p>De acordo com a Secretaria da Seguran\u00e7a P\u00fablica, 358 pessoas foram presas ou apreendidas por suspeita de envolvimento nos crimes.<\/p>\n<p>Para enfrentar os ataques, o governador Camilo Santana (PT) sancionou neste domingo um pacote de leis que inclui o pagamento de recompensas para quem der informa\u00e7\u00f5es sobre poss\u00edveis ataques e a possibilidade de convoca\u00e7\u00e3o de policiais da reserva para refor\u00e7ar a tropa.<\/p>\n<p>O governo estima que at\u00e9 o final desta semana, 1,2 mil policias da reserva devem refor\u00e7ar o policiamento nas cidades cearenses.<\/p>\n<p>HIST\u00d3RICO<br \/>\nSegundo dados do F\u00f3rum Brasileiro de Seguran\u00e7a, o Cear\u00e1 foi, em 2017, o terceiro estado do pa\u00eds com mais mortes violentas. A taxa foi de 59,1 mortos a cada 100 mil habitantes. \u00c0 frente do estado estiveram apenas Rio Grande do Norte (68) e Acre (63,9).<\/p>\n<p>Em 2018, segundo dados divulgados<\/p>\n<p>pelo estado, houve queda de 10,5% na taxa de homic\u00eddios entre janeiro e novembro de 2018, comparado com 2017.<\/p>\n<p>Mesmo assim, no ano passado ocorreu a maior chacina da hist\u00f3ria do Cear\u00e1, com 14 mortos durante uma festa na periferia de Fortaleza, em janeiro, e a morte de seis ref\u00e9ns\u00a0ap\u00f3s a\u00e7\u00e3o policial para evitar assalto a dois bancos em Milagres, no interior, em dezembro.<\/p>\n<p>&nbsp;<\/p>\n<p>EBC<\/p>\n","protected":false},"excerpt":{"rendered":"<p>Criminosos detonaram uma bomba em uma ponte e atiraram contra a sede da Guarda Municipal neste domingo (13) em Fortaleza. A ponte atingida \u00e9 uma&hellip; <\/p>\n","protected":false},"author":1,"featured_media":81072,"comment_status":"closed","ping_status":"closed","sticky":false,"template":"","format":"standard","meta":{"sfsi_plus_gutenberg_text_before_share":"","sfsi_plus_gutenberg_show_text_before_share":"","sfsi_plus_gutenberg_icon_type":"","sfsi_plus_gutenberg_icon_alignemt":"","sfsi_plus_gutenburg_max_per_row":"","footnotes":""},"categories":[12],"tags":[],"class_list":["post-81071","post","type-post","status-publish","format-standard","has-post-thumbnail","hentry","category-policia"],"_links":{"self":[{"href":"https:\/\/www.caririemacao.com\/1\/wp-json\/wp\/v2\/posts\/81071","targetHints":{"allow":["GET"]}}],"collection":[{"href":"https:\/\/www.caririemacao.com\/1\/wp-json\/wp\/v2\/posts"}],"about":[{"href":"https:\/\/www.caririemacao.com\/1\/wp-json\/wp\/v2\/types\/post"}],"author":[{"embeddable":true,"href":"https:\/\/www.caririemacao.com\/1\/wp-json\/wp\/v2\/users\/1"}],"replies":[{"embeddable":true,"href":"https:\/\/www.caririemacao.com\/1\/wp-json\/wp\/v2\/comments?post=81071"}],"version-history":[{"count":1,"href":"https:\/\/www.caririemacao.com\/1\/wp-json\/wp\/v2\/posts\/81071\/revisions"}],"predecessor-version":[{"id":81073,"href":"https:\/\/www.caririemacao.com\/1\/wp-json\/wp\/v2\/posts\/81071\/revisions\/81073"}],"wp:featuredmedia":[{"embeddable":true,"href":"https:\/\/www.caririemacao.com\/1\/wp-json\/wp\/v2\/media\/81072"}],"wp:attachment":[{"href":"https:\/\/www.caririemacao.com\/1\/wp-json\/wp\/v2\/media?parent=81071"}],"wp:term":[{"taxonomy":"category","embeddable":true,"href":"https:\/\/www.caririemacao.com\/1\/wp-json\/wp\/v2\/categories?post=81071"},{"taxonomy":"post_tag","embeddable":true,"href":"https:\/\/www.caririemacao.com\/1\/wp-json\/wp\/v2\/tags?post=81071"}],"curies":[{"name":"wp","href":"https:\/\/api.w.org\/{rel}","templated":true}]}}