{"id":81074,"date":"2019-01-14T13:11:34","date_gmt":"2019-01-14T16:11:34","guid":{"rendered":"http:\/\/www.caririemacao.com\/1\/?p=81074"},"modified":"2019-01-14T13:11:34","modified_gmt":"2019-01-14T16:11:34","slug":"bolsonaro-vai-a-forum-mundial-mostrar-um-brasil-livre-de-amarras-ideologicas","status":"publish","type":"post","link":"https:\/\/www.caririemacao.com\/1\/2019\/01\/14\/bolsonaro-vai-a-forum-mundial-mostrar-um-brasil-livre-de-amarras-ideologicas\/","title":{"rendered":"Bolsonaro vai a f\u00f3rum mundial mostrar um Brasil livre de amarras ideol\u00f3gicas"},"content":{"rendered":"<p><!------------------->\u00a0\u00a0\u00a0\u00a0\u00a0\u00a0\u00a0<!--banner-editoria-->\u00a0\u00a0\u00a0\u00a0\u00a0\u00a0\u00a0<!------------------->\u00a0\u00a0\u00a0\u00a0\u00a0\u00a0\u00a0\u00a0\u00a0\u00a0\u00a0\u00a0\u00a0<!------------------->\u00a0\u00a0\u00a0\u00a0\u00a0\u00a0\u00a0<!-------fim--------->\u00a0\u00a0\u00a0\u00a0\u00a0\u00a0\u00a0<!------------------->\u00a0\u00a0\u00a0\u00a0\u00a0\u00a0\u00a0<!--conte\u00fado--><\/p>\n<div class=\"content\">\n<p>O presidente Jair Bolsonaro disse hoje (14), na conta no Twitter, que a participa\u00e7\u00e3o no F\u00f3rum Econ\u00f4mico Mundial, em Davos, na Su\u00ed\u00e7a, de 22 a 25 de janeiro, ser\u00e1 a oportunidade de mostrar um \u201cBrasil diferente, livre das amarras ideol\u00f3gicas e corrup\u00e7\u00e3o generalizada.\u201d<\/p>\n<p>\u201cNa pr\u00f3xima semana embarco rumo a Davos, Su\u00ed\u00e7a, para participar do F\u00f3rum Econ\u00f4mico Mundial. Estou confiante e feliz com essa grande oportunidade de apresentar a l\u00edderes do mundo todo um Brasil diferente, livre das amarras ideol\u00f3gicas e corrup\u00e7\u00e3o generalizada.\u201d<\/p>\n<p>Ser\u00e1 a estreia internacional de Bolsonaro\u00a0e a primeira vez que o vice-presidente, general Hamilton Mour\u00e3o, assumir\u00e1 a Presid\u00eancia da Rep\u00fablica em exerc\u00edcio.<\/p>\n<div id=\"attachment_552940\" class=\"wp-caption aligncenter\"><img decoding=\"async\" class=\"wp-image-552940 size-full lazyload\" data-src=\"https:\/\/paraibaonline.com.br\/wp-content\/uploads\/2018\/12\/bolsonaro3112.jpg\" data-srcset=\"https:\/\/paraibaonline.com.br\/wp-content\/uploads\/2018\/12\/bolsonaro3112.jpg 900w, https:\/\/paraibaonline.com.br\/wp-content\/uploads\/2018\/12\/bolsonaro3112-567x381.jpg 567w\" alt=\"F\u00e1bio Rodrigues Pozzebom\/Ag\u00eancia Brasil\" src=\"data:image\/svg+xml;base64,PHN2ZyB3aWR0aD0iMSIgaGVpZ2h0PSIxIiB4bWxucz0iaHR0cDovL3d3dy53My5vcmcvMjAwMC9zdmciPjwvc3ZnPg==\" \/><\/p>\n<p class=\"wp-caption-text\">F\u00e1bio Rodrigues Pozzebom\/Ag\u00eancia Brasil<\/p>\n<\/div>\n<p>Bolsonaro disse que o desejo \u00e9 de \u201cfazer com\u00e9rcio com o mundo todo\u201d.<\/p>\n<p>\u201cMostrarei nosso desejo de fazer com\u00e9rcio com o mundo todo, prezando pela liberdade econ\u00f4mica, acordos bilaterais e sa\u00fade fiscal. Com esses pilares, o Brasil caminhar\u00e1 na dire\u00e7\u00e3o do pleno emprego e da prosperidade. Espero trazer boas experi\u00eancias e avan\u00e7os ao nosso pa\u00eds.\u201d<\/p>\n<p>Ao retornar ao Brasil, Bolsonaro pretende fazer a cirurgia para a retirada da bolsa de colostomia, em S\u00e3o Paulo, prevista para o dia 28.<\/p>\n<p>O tema do f\u00f3rum este ano \u00e9 \u201cGlobaliza\u00e7\u00e3o 4.0: Moldando uma arquitetura global na era da quarta revolu\u00e7\u00e3o industrial\u201d. Na ocasi\u00e3o, os l\u00edderes mundiais devem discutir o esfor\u00e7o conjunto para a elabora\u00e7\u00e3o de uma agenda econ\u00f4mica global, regional e setorial.<\/p>\n<p>Al\u00e9m dos l\u00edderes mundiais, devem comparecer ao f\u00f3rum representantes de mais mil empresas internacionais, al\u00e9m de organiza\u00e7\u00f5es n\u00e3o-governamentais e entidades estrangeiras. Ser\u00e3o quatro dias de reuni\u00f5es destinadas a discutir quest\u00f5es relativas a economia, seguran\u00e7a na internet, geopol\u00edtica, cultura e ind\u00fastria.<\/p>\n<\/div>\n","protected":false},"excerpt":{"rendered":"<p>\u00a0\u00a0\u00a0\u00a0\u00a0\u00a0\u00a0\u00a0\u00a0\u00a0\u00a0\u00a0\u00a0\u00a0\u00a0\u00a0\u00a0\u00a0\u00a0\u00a0\u00a0\u00a0\u00a0\u00a0\u00a0\u00a0\u00a0\u00a0\u00a0\u00a0\u00a0\u00a0\u00a0\u00a0\u00a0\u00a0\u00a0\u00a0\u00a0\u00a0\u00a0\u00a0\u00a0\u00a0\u00a0\u00a0\u00a0\u00a0 O presidente Jair Bolsonaro disse hoje (14), na conta no Twitter, que a participa\u00e7\u00e3o no F\u00f3rum Econ\u00f4mico Mundial, em Davos, na Su\u00ed\u00e7a, de 22&hellip; <\/p>\n","protected":false},"author":1,"featured_media":81075,"comment_status":"closed","ping_status":"closed","sticky":false,"template":"","format":"standard","meta":{"sfsi_plus_gutenberg_text_before_share":"","sfsi_plus_gutenberg_show_text_before_share":"","sfsi_plus_gutenberg_icon_type":"","sfsi_plus_gutenberg_icon_alignemt":"","sfsi_plus_gutenburg_max_per_row":"","footnotes":""},"categories":[11],"tags":[],"class_list":["post-81074","post","type-post","status-publish","format-standard","has-post-thumbnail","hentry","category-politica"],"_links":{"self":[{"href":"https:\/\/www.caririemacao.com\/1\/wp-json\/wp\/v2\/posts\/81074","targetHints":{"allow":["GET"]}}],"collection":[{"href":"https:\/\/www.caririemacao.com\/1\/wp-json\/wp\/v2\/posts"}],"about":[{"href":"https:\/\/www.caririemacao.com\/1\/wp-json\/wp\/v2\/types\/post"}],"author":[{"embeddable":true,"href":"https:\/\/www.caririemacao.com\/1\/wp-json\/wp\/v2\/users\/1"}],"replies":[{"embeddable":true,"href":"https:\/\/www.caririemacao.com\/1\/wp-json\/wp\/v2\/comments?post=81074"}],"version-history":[{"count":1,"href":"https:\/\/www.caririemacao.com\/1\/wp-json\/wp\/v2\/posts\/81074\/revisions"}],"predecessor-version":[{"id":81076,"href":"https:\/\/www.caririemacao.com\/1\/wp-json\/wp\/v2\/posts\/81074\/revisions\/81076"}],"wp:featuredmedia":[{"embeddable":true,"href":"https:\/\/www.caririemacao.com\/1\/wp-json\/wp\/v2\/media\/81075"}],"wp:attachment":[{"href":"https:\/\/www.caririemacao.com\/1\/wp-json\/wp\/v2\/media?parent=81074"}],"wp:term":[{"taxonomy":"category","embeddable":true,"href":"https:\/\/www.caririemacao.com\/1\/wp-json\/wp\/v2\/categories?post=81074"},{"taxonomy":"post_tag","embeddable":true,"href":"https:\/\/www.caririemacao.com\/1\/wp-json\/wp\/v2\/tags?post=81074"}],"curies":[{"name":"wp","href":"https:\/\/api.w.org\/{rel}","templated":true}]}}