{"id":81079,"date":"2019-01-14T15:14:40","date_gmt":"2019-01-14T18:14:40","guid":{"rendered":"http:\/\/www.caririemacao.com\/1\/?p=81079"},"modified":"2019-01-14T15:14:40","modified_gmt":"2019-01-14T18:14:40","slug":"inflacao-para-idosos-fecha-2018-em-475-informa-fgv","status":"publish","type":"post","link":"https:\/\/www.caririemacao.com\/1\/2019\/01\/14\/inflacao-para-idosos-fecha-2018-em-475-informa-fgv\/","title":{"rendered":"Infla\u00e7\u00e3o para idosos fecha 2018 em 4,75%, informa FGV"},"content":{"rendered":"<p>O \u00cdndice de Pre\u00e7os ao Consumidor da Terceira Idade (IPC-3i), que mede a varia\u00e7\u00e3o da cesta de consumo de fam\u00edlias compostas em sua maior parte por indiv\u00edduos com mais de 60 anos de idade, apresentou varia\u00e7\u00e3o de 0,80% no quarto trimestre de 2018, totalizando no ano aumento de 4,75%. O resultado, divulgado\u00a0hoje\u00a0(14) pelo Instituto Brasileiro de Economia da Funda\u00e7\u00e3o Getulio Vargas (Ibre-FGV), superou a infla\u00e7\u00e3o acumulada em 2018 pelo \u00cdndice de Pre\u00e7os ao Consumidor Brasil (IPC-BR) de\u00a04,32%.<\/p>\n<p>O coordenador do IPC do Ibre, Andr\u00e9 Braz, disse \u00e0 <strong>Ag\u00eancia Brasil<\/strong> que os maiores aumentos no ano passado para a terceira idade foram registrados nas \u00e1reas de sa\u00fade e cuidados pessoais (6,63%) e alimenta\u00e7\u00e3o (5,88%). Dentro da despesa sa\u00fade e cuidados pessoais, as maiores influ\u00eancias de alta foram observadas em planos de sa\u00fade (10,07%), m\u00e9dicos e dentistas (9,74%) e medicamentos (3,92%).<\/p>\n<div class=\"dnd-widget-wrapper context-cheio_8colunas type-image\">\n<div class=\"dnd-atom-rendered\"><!-- scald=12148:cheio_8colunas --><\/p>\n<figure class=\"mejs-fotoh-wrapper\"><img decoding=\"async\" class=\"img-responsive full full lazyload\" title=\"EBC\" data-src=\"http:\/\/imagens.ebc.com.br\/QkPnxfGuceiD1dc0jMw2Gytyaao=\/754x0\/smart\/http:\/\/agenciabrasil.ebc.com.br\/sites\/default\/files\/atoms\/image\/supermercados_1_0.jpg?itok=6-fBbXk4\" alt=\"supermercados_1.jpg\" src=\"data:image\/svg+xml;base64,PHN2ZyB3aWR0aD0iMSIgaGVpZ2h0PSIxIiB4bWxucz0iaHR0cDovL3d3dy53My5vcmcvMjAwMC9zdmciPjwvc3ZnPg==\" \/><\/figure>\n<p><!-- END scald=12148 --><\/div>\n<div class=\"dnd-caption-wrapper\">\n<div class=\"meta\"><!--copyright=12148-->Os alimentos pressionaram a infla\u00e7\u00e3o para os idosos &#8211; <strong>Arquivo\/Ag\u00eancia Brasil<\/strong><!--END copyright=12148--><\/div>\n<\/div>\n<\/div>\n<p>No grupo alimenta\u00e7\u00e3o, Andr\u00e9 Braz informou\u00a0que os alimentos <em>in natura,<\/em>\u00a0que no quarto trimestre de 2017 subiram apenas 0,29%, no ano passado apresentaram eleva\u00e7\u00e3o de 35,9%. Destaque para hortali\u00e7as e legumes (35,85%) e frutas (10,53%). Em rela\u00e7\u00e3o a\u00a0frutas, o coordenador do IPC do Ibre informou que em\u00a02017 houve queda de\u00a017,02%. \u201cA parte <em>in natura<\/em>\u00a0pressionou bastante. A gente sabe que na terceira idade [alimentos]\u00a0<em>in natura<\/em>\u00a0s\u00e3o importantes\u201d.<\/p>\n<h2>Expectativas<\/h2>\n<p>Andr\u00e9 Braz disse que na passagem do quarto trimestre de 2018 para o primeiro trimestre de 2019, a expectativa \u00e9 que o IPC-3i talvez n\u00e3o supere o IPC-BR porque os desafios nos tr\u00eas primeiros meses do ano s\u00e3o mais sentidos pela camada da popula\u00e7\u00e3o mais jovem, influenciados por aumentos previstos para educa\u00e7\u00e3o formal.<\/p>\n<p>Braz observou, entretanto, que cursos formais t\u00eam peso tamb\u00e9m para a terceira idade, embora menor, porque os idosos podem pagar cursos para sua pr\u00f3pria atualiza\u00e7\u00e3o ou fazer despesas desse tipo para outras pessoas da fam\u00edlia, como filhos e netos, por exemplo. \u201cMas o peso \u00e9 muito menor\u201d, ressaltou. \u201cEsses aumentos v\u00e3o pressionar mais a infla\u00e7\u00e3o do \u00edndice tradicional [IPC-BR] do que da terceira idade [IPC-3i]\u201d.<\/p>\n<p>O economista salientou que os aumentos dos transportes p\u00fablicos urbanos, como trens, barcas, \u00f4nibus, t\u00eam impacto menor no IPC-3i, porque o idoso tem gratuidade nesses modais. \u201cO transporte p\u00fablico tem peso para a terceira idade, sim, mas ele \u00e9 menor\u201d, confirmou Braz.<\/p>\n<h2>Desafio<\/h2>\n<p>Segundo o economista do Ibre, as chances de\u00a0ter\u00a0um IPC-3i mais baixo em 2019 s\u00e3o grandes, porque as press\u00f5es inflacion\u00e1rias neste primeiro trimestre t\u00eam mais peso no or\u00e7amento das fam\u00edlias mais jovens. Ele acredita que, para o ano em curso, o IPC-3i pode ficar mais pr\u00f3ximo do IPC-S (\u00cdndice de Pre\u00e7os ao Consumidor Semanal), que acumulou alta de 4,32% em 2018. \u201cA ideia \u00e9 que em 2019 a gente tenha uma infla\u00e7\u00e3o abaixo da meta de 4,25% tanto para o IPC-S como para o IPC da terceira idade\u201d.<\/p>\n<p>Para o Andr\u00e9 Braz, o que vai determinar se o IPC-3i pode encerrar este ano acima do IPC-S vai ser o comportamento dos alimentos. Nesse sentido, disse que o fen\u00f4meno La Ni\u00f1a, que provoca mais chuvas no Sul e menos no Nordeste, pode levar os pre\u00e7os dos alimentos <em>in natura<\/em>\u00a0a serem pressionados para cima e, com isso, a infla\u00e7\u00e3o ser\u00e1 maior para a terceira idade. \u201cMas, como a agricultura costuma surpreender, eu espero que ela surpreenda positivamente, e o idoso n\u00e3o sofra tanto com a infla\u00e7\u00e3o de alimentos\u201d, concluiu.<\/p>\n<p>&nbsp;<\/p>\n<p>EBC<\/p>\n","protected":false},"excerpt":{"rendered":"<p>O \u00cdndice de Pre\u00e7os ao Consumidor da Terceira Idade (IPC-3i), que mede a varia\u00e7\u00e3o da cesta de consumo de fam\u00edlias compostas em sua maior parte&hellip; <\/p>\n","protected":false},"author":1,"featured_media":81080,"comment_status":"closed","ping_status":"closed","sticky":false,"template":"","format":"standard","meta":{"sfsi_plus_gutenberg_text_before_share":"","sfsi_plus_gutenberg_show_text_before_share":"","sfsi_plus_gutenberg_icon_type":"","sfsi_plus_gutenberg_icon_alignemt":"","sfsi_plus_gutenburg_max_per_row":"","footnotes":""},"categories":[2],"tags":[],"class_list":["post-81079","post","type-post","status-publish","format-standard","has-post-thumbnail","hentry","category-geral"],"_links":{"self":[{"href":"https:\/\/www.caririemacao.com\/1\/wp-json\/wp\/v2\/posts\/81079","targetHints":{"allow":["GET"]}}],"collection":[{"href":"https:\/\/www.caririemacao.com\/1\/wp-json\/wp\/v2\/posts"}],"about":[{"href":"https:\/\/www.caririemacao.com\/1\/wp-json\/wp\/v2\/types\/post"}],"author":[{"embeddable":true,"href":"https:\/\/www.caririemacao.com\/1\/wp-json\/wp\/v2\/users\/1"}],"replies":[{"embeddable":true,"href":"https:\/\/www.caririemacao.com\/1\/wp-json\/wp\/v2\/comments?post=81079"}],"version-history":[{"count":1,"href":"https:\/\/www.caririemacao.com\/1\/wp-json\/wp\/v2\/posts\/81079\/revisions"}],"predecessor-version":[{"id":81081,"href":"https:\/\/www.caririemacao.com\/1\/wp-json\/wp\/v2\/posts\/81079\/revisions\/81081"}],"wp:featuredmedia":[{"embeddable":true,"href":"https:\/\/www.caririemacao.com\/1\/wp-json\/wp\/v2\/media\/81080"}],"wp:attachment":[{"href":"https:\/\/www.caririemacao.com\/1\/wp-json\/wp\/v2\/media?parent=81079"}],"wp:term":[{"taxonomy":"category","embeddable":true,"href":"https:\/\/www.caririemacao.com\/1\/wp-json\/wp\/v2\/categories?post=81079"},{"taxonomy":"post_tag","embeddable":true,"href":"https:\/\/www.caririemacao.com\/1\/wp-json\/wp\/v2\/tags?post=81079"}],"curies":[{"name":"wp","href":"https:\/\/api.w.org\/{rel}","templated":true}]}}