{"id":81082,"date":"2019-01-14T15:17:45","date_gmt":"2019-01-14T18:17:45","guid":{"rendered":"http:\/\/www.caririemacao.com\/1\/?p=81082"},"modified":"2019-01-14T15:17:45","modified_gmt":"2019-01-14T18:17:45","slug":"producao-de-bicicletas-aumenta-159-no-brasil","status":"publish","type":"post","link":"https:\/\/www.caririemacao.com\/1\/2019\/01\/14\/producao-de-bicicletas-aumenta-159-no-brasil\/","title":{"rendered":"Produ\u00e7\u00e3o de bicicletas aumenta 15,9% no Brasil"},"content":{"rendered":"<p>As fabricantes de bicicletas produziram 773.641 unidades em 2018, volume 15,9% superior ao de 2017 (667.363 unidades), de acordo com dados da Associa\u00e7\u00e3o Brasileira dos Fabricantes de Motocicletas, Ciclomotores, Motonetas, Bicicletas e Similares (Abraciclo), divulgados hoje (14) em S\u00e3o Paulo.<\/p>\n<p>Em dezembro, foram produzidas 21.857 unidades, volume equivalente ao do mesmo per\u00edodo de 2017 (21.879 unidades). Na compara\u00e7\u00e3o com novembro de 2018 (83.726 unidades), houve queda de 73,9%.<\/p>\n<div class=\"dnd-widget-wrapper context-cheio_8colunas type-image\">\n<div class=\"dnd-atom-rendered\"><!-- scald=73145:cheio_8colunas --><\/p>\n<figure class=\"mejs-fotoh-wrapper\"><img decoding=\"async\" class=\"img-responsive full full lazyload\" title=\"Wilson Dias\/Ag\u00eancia Brasil\" data-src=\"http:\/\/imagens.ebc.com.br\/1wy1_z3JeiuEw3slhIO580gs7Bk=\/754x0\/smart\/http:\/\/agenciabrasil.ebc.com.br\/sites\/default\/files\/atoms\/image\/bicicleta.jpg?itok=MwxIy-RX\" alt=\"Bicicletas\" src=\"data:image\/svg+xml;base64,PHN2ZyB3aWR0aD0iMSIgaGVpZ2h0PSIxIiB4bWxucz0iaHR0cDovL3d3dy53My5vcmcvMjAwMC9zdmciPjwvc3ZnPg==\" \/><\/figure>\n<p><!-- END scald=73145 --><\/div>\n<div class=\"dnd-caption-wrapper\">\n<div class=\"meta\"><!--copyright=73145-->Produ\u00e7\u00e3o e uso de bicicletas v\u00eam crescendo no Brasil\u00a0\u00a0 <strong>(<\/strong><strong>Wilson Dias\/Ag\u00eancia Brasil)<\/strong><!--END copyright=73145--><\/div>\n<\/div>\n<\/div>\n<p>Segundo o vice-presidente do Segmento de Bicicletas da Abraciclo, Cyro Gazola, a retomada nos neg\u00f3cios, ap\u00f3s quatro anos em decl\u00ednio, foi impulsionada pela maior oferta de produtos, pre\u00e7os mais competitivos e expans\u00e3o da mobilidade urbana.<\/p>\n<p>\u201cIsso mostra com clareza o impacto positivo da amplia\u00e7\u00e3o das redes de ciclovias, ciclofaixas e ciclorrotas nas cidades brasileiras\u201d, disse. Ele ainda atribui ao desempenho positivo a uma redu\u00e7\u00e3o do \u00edndice de inadimpl\u00eancia dos consumidores, aliada ao aumento da oferta de cr\u00e9dito pelas institui\u00e7\u00f5es financeiras.<\/p>\n<p>Os volumes de bicicletas produzidos no Polo Industrial de Manaus (PIM) em 2018 foram distribu\u00eddos para comercializa\u00e7\u00e3o para as seguintes regi\u00f5es do Pa\u00eds: Sudeste, com 55,4% das unidades; Sul, 19,5%; Nordeste, 14,7%; Centro-Oeste, 5,8%; e Norte, 4,6%.<\/p>\n<h2>Proje\u00e7\u00f5es<\/h2>\n<p>De acordo com a Abraciclo, a produ\u00e7\u00e3o de bicicletas deve ter um aumento de 10,8% em 2019, chegando a 857.000 unidades.<\/p>\n<p>Segundo Gazola, a expectativa est\u00e1 baseada nas mudan\u00e7as e implanta\u00e7\u00e3o de novas medidas na economia, que podem ocorrer com o novo governo, al\u00e9m da continuidade dos lan\u00e7amentos de bicicletas de maior valor agregado.<\/p>\n<p>De acordo com o executivo, o mercado percebe e responde positivamente \u00e0 melhoria cont\u00ednua da tecnologia, qualidade e gama de oferta dos produtos e marcas nacionais, que t\u00eam pre\u00e7os mais acess\u00edveis aos consumidores.<\/p>\n<p>\u201cCom a redu\u00e7\u00e3o do endividamento das fam\u00edlias, devem ser retomadas as compras planejadas, tendo, ainda, o apoio do varejo na oferta de cr\u00e9dito mais acess\u00edvel. Esses fatores podem levar a uma acelera\u00e7\u00e3o da demanda j\u00e1 no primeiro semestre do ano\u201d, finalizou.<\/p>\n<p>&nbsp;<\/p>\n<p>EBC<\/p>\n","protected":false},"excerpt":{"rendered":"<p>As fabricantes de bicicletas produziram 773.641 unidades em 2018, volume 15,9% superior ao de 2017 (667.363 unidades), de acordo com dados da Associa\u00e7\u00e3o Brasileira dos&hellip; <\/p>\n","protected":false},"author":1,"featured_media":81083,"comment_status":"closed","ping_status":"closed","sticky":false,"template":"","format":"standard","meta":{"sfsi_plus_gutenberg_text_before_share":"","sfsi_plus_gutenberg_show_text_before_share":"","sfsi_plus_gutenberg_icon_type":"","sfsi_plus_gutenberg_icon_alignemt":"","sfsi_plus_gutenburg_max_per_row":"","footnotes":""},"categories":[2],"tags":[],"class_list":["post-81082","post","type-post","status-publish","format-standard","has-post-thumbnail","hentry","category-geral"],"_links":{"self":[{"href":"https:\/\/www.caririemacao.com\/1\/wp-json\/wp\/v2\/posts\/81082","targetHints":{"allow":["GET"]}}],"collection":[{"href":"https:\/\/www.caririemacao.com\/1\/wp-json\/wp\/v2\/posts"}],"about":[{"href":"https:\/\/www.caririemacao.com\/1\/wp-json\/wp\/v2\/types\/post"}],"author":[{"embeddable":true,"href":"https:\/\/www.caririemacao.com\/1\/wp-json\/wp\/v2\/users\/1"}],"replies":[{"embeddable":true,"href":"https:\/\/www.caririemacao.com\/1\/wp-json\/wp\/v2\/comments?post=81082"}],"version-history":[{"count":1,"href":"https:\/\/www.caririemacao.com\/1\/wp-json\/wp\/v2\/posts\/81082\/revisions"}],"predecessor-version":[{"id":81084,"href":"https:\/\/www.caririemacao.com\/1\/wp-json\/wp\/v2\/posts\/81082\/revisions\/81084"}],"wp:featuredmedia":[{"embeddable":true,"href":"https:\/\/www.caririemacao.com\/1\/wp-json\/wp\/v2\/media\/81083"}],"wp:attachment":[{"href":"https:\/\/www.caririemacao.com\/1\/wp-json\/wp\/v2\/media?parent=81082"}],"wp:term":[{"taxonomy":"category","embeddable":true,"href":"https:\/\/www.caririemacao.com\/1\/wp-json\/wp\/v2\/categories?post=81082"},{"taxonomy":"post_tag","embeddable":true,"href":"https:\/\/www.caririemacao.com\/1\/wp-json\/wp\/v2\/tags?post=81082"}],"curies":[{"name":"wp","href":"https:\/\/api.w.org\/{rel}","templated":true}]}}