{"id":81085,"date":"2019-01-14T15:21:09","date_gmt":"2019-01-14T18:21:09","guid":{"rendered":"http:\/\/www.caririemacao.com\/1\/?p=81085"},"modified":"2019-01-14T15:21:09","modified_gmt":"2019-01-14T18:21:09","slug":"ministra-da-agricultura-quer-gisele-bundchen-como-embaixadora-da-pasta","status":"publish","type":"post","link":"https:\/\/www.caririemacao.com\/1\/2019\/01\/14\/ministra-da-agricultura-quer-gisele-bundchen-como-embaixadora-da-pasta\/","title":{"rendered":"Ministra da Agricultura quer Gisele B\u00fcndchen como embaixadora da pasta"},"content":{"rendered":"<p>A ministra da Agricultura, Tereza Cristina, afirmou que ir\u00e1 convidar a modelo Gisele B\u00fcndchen para ser embaixadora do Brasil e divulgar que o pa\u00eds produz alimentos preservando o meio ambiente.<\/p>\n<p>Em entrevista \u00e0 r\u00e1dio Jovem Pan, tamb\u00e9m defendeu mais cr\u00e9dito, seguro rural e autorregula\u00e7\u00e3o para o agroneg\u00f3cio.<\/p>\n<p>\u201cNa Jovem Pan sinalizei que a Gisele B\u00fcndchen podia ser embaixadora do Brasil para mostrar que produzimos alimentos para o mundo preservando a natureza. A modelo vai receber, em breve, convite nosso\u201d, escreveu a ministra em uma rede social.<\/p>\n<p>Nos \u00faltimos anos, a modelo tornou-se defensora das causas ambientais.<br \/>\nEm 2017, por exemplo, ela lan\u00e7ou uma campanha em prol do meio ambiente.<\/p>\n<p>No mesmo ano, foi homenageada durante a Semana da Moda de Mil\u00e3o por seu ativismo em prol do bioma amaz\u00f4nico.<\/p>\n<p>&nbsp;<\/p>\n<p>FolhaPress<\/p>\n","protected":false},"excerpt":{"rendered":"<p>A ministra da Agricultura, Tereza Cristina, afirmou que ir\u00e1 convidar a modelo Gisele B\u00fcndchen para ser embaixadora do Brasil e divulgar que o pa\u00eds produz&hellip; <\/p>\n","protected":false},"author":1,"featured_media":81086,"comment_status":"closed","ping_status":"closed","sticky":false,"template":"","format":"standard","meta":{"sfsi_plus_gutenberg_text_before_share":"","sfsi_plus_gutenberg_show_text_before_share":"","sfsi_plus_gutenberg_icon_type":"","sfsi_plus_gutenberg_icon_alignemt":"","sfsi_plus_gutenburg_max_per_row":"","footnotes":""},"categories":[11],"tags":[],"class_list":["post-81085","post","type-post","status-publish","format-standard","has-post-thumbnail","hentry","category-politica"],"_links":{"self":[{"href":"https:\/\/www.caririemacao.com\/1\/wp-json\/wp\/v2\/posts\/81085","targetHints":{"allow":["GET"]}}],"collection":[{"href":"https:\/\/www.caririemacao.com\/1\/wp-json\/wp\/v2\/posts"}],"about":[{"href":"https:\/\/www.caririemacao.com\/1\/wp-json\/wp\/v2\/types\/post"}],"author":[{"embeddable":true,"href":"https:\/\/www.caririemacao.com\/1\/wp-json\/wp\/v2\/users\/1"}],"replies":[{"embeddable":true,"href":"https:\/\/www.caririemacao.com\/1\/wp-json\/wp\/v2\/comments?post=81085"}],"version-history":[{"count":1,"href":"https:\/\/www.caririemacao.com\/1\/wp-json\/wp\/v2\/posts\/81085\/revisions"}],"predecessor-version":[{"id":81087,"href":"https:\/\/www.caririemacao.com\/1\/wp-json\/wp\/v2\/posts\/81085\/revisions\/81087"}],"wp:featuredmedia":[{"embeddable":true,"href":"https:\/\/www.caririemacao.com\/1\/wp-json\/wp\/v2\/media\/81086"}],"wp:attachment":[{"href":"https:\/\/www.caririemacao.com\/1\/wp-json\/wp\/v2\/media?parent=81085"}],"wp:term":[{"taxonomy":"category","embeddable":true,"href":"https:\/\/www.caririemacao.com\/1\/wp-json\/wp\/v2\/categories?post=81085"},{"taxonomy":"post_tag","embeddable":true,"href":"https:\/\/www.caririemacao.com\/1\/wp-json\/wp\/v2\/tags?post=81085"}],"curies":[{"name":"wp","href":"https:\/\/api.w.org\/{rel}","templated":true}]}}