{"id":81088,"date":"2019-01-14T15:23:55","date_gmt":"2019-01-14T18:23:55","guid":{"rendered":"http:\/\/www.caririemacao.com\/1\/?p=81088"},"modified":"2019-01-14T15:23:55","modified_gmt":"2019-01-14T18:23:55","slug":"atletas-do-botafogo-pb-minimizam-desgaste-antes-de-pegar-santa-cruz","status":"publish","type":"post","link":"https:\/\/www.caririemacao.com\/1\/2019\/01\/14\/atletas-do-botafogo-pb-minimizam-desgaste-antes-de-pegar-santa-cruz\/","title":{"rendered":"Atletas do Botafogo-PB minimizam desgaste antes de pegar Santa Cruz"},"content":{"rendered":"<p>Mal come\u00e7ou a temporada e o Botafogo-PB j\u00e1 vai para sua segunda partida em tr\u00eas dias.<\/p>\n<div class=\"content\">\n<p>Depois de vencer a Perilima por 4 a 1, no s\u00e1bado (12), em seu primeiro jogo oficial de 2019, o Belo volta ao Almeid\u00e3o nesta ter\u00e7a-feira (15) para enfrentar o Santa Cruz, pela primeira rodada da Copa do Nordeste.<\/p>\n<p>A pr\u00e9-temporada botafoguense come\u00e7ou no dia 3 de dezembro, mas \u00e9 evidente que o ritmo de jogos oficiais \u00e9 bem diferente do que no per\u00edodo de testes. Ainda assim, os jogadores que atuaram no fim de semana garantem estar preparados para a sequ\u00eancia.<\/p>\n<div id=\"attachment_560072\" class=\"wp-caption alignnone\"><img decoding=\"async\" class=\"wp-image-560072 size-full lazyload\" data-src=\"https:\/\/paraibaonline.com.br\/wp-content\/uploads\/2019\/01\/AdalgisoPitbull.jpg\" data-srcset=\"https:\/\/paraibaonline.com.br\/wp-content\/uploads\/2019\/01\/AdalgisoPitbull.jpg 800w, https:\/\/paraibaonline.com.br\/wp-content\/uploads\/2019\/01\/AdalgisoPitbull-567x399.jpg 567w\" alt=\"\" src=\"data:image\/svg+xml;base64,PHN2ZyB3aWR0aD0iMSIgaGVpZ2h0PSIxIiB4bWxucz0iaHR0cDovL3d3dy53My5vcmcvMjAwMC9zdmciPjwvc3ZnPg==\" \/><\/p>\n<p class=\"wp-caption-text\">Foto: Ascom \/ Botafogo-PB<\/p>\n<\/div>\n<p>\u2013 Estreamos bem, com os tr\u00eas pontos diante do nosso torcedor. Tirou aquele peso, mas ter\u00e7a tem um compromisso importante na estreia da Copa do Nordeste. N\u00e3o joguei os 90 minutos, ter\u00e7a-feira estarei inteiro para fazer uma boa partida \u2013 disse o atacante Adalgiso Pitbull, que ficou em campo durante 60 minutos no s\u00e1bado.<\/p>\n<p>Seu parceiro de ataque, Nando, que se recuperou de uma les\u00e3o sentida na pr\u00e9-temporada, marcou j\u00e1 no primeiro jogo oficial do ano. Apesar de ter atuado durante todo duelo, o artilheiro do estadual de 2018 disse n\u00e3o ter problemas para jogar nesta ter\u00e7a. Al\u00e9m disso, ele demonstrou alegria de ter balan\u00e7ado as redes j\u00e1 na primeira rodada.<\/p>\n<div id=\"attachment_560073\" class=\"wp-caption alignnone\"><img decoding=\"async\" class=\"wp-image-560073 size-full lazyload\" data-src=\"https:\/\/paraibaonline.com.br\/wp-content\/uploads\/2019\/01\/BotaPB_X_Perilima.jpg\" data-srcset=\"https:\/\/paraibaonline.com.br\/wp-content\/uploads\/2019\/01\/BotaPB_X_Perilima.jpg 800w, https:\/\/paraibaonline.com.br\/wp-content\/uploads\/2019\/01\/BotaPB_X_Perilima-567x361.jpg 567w\" alt=\"\" src=\"data:image\/svg+xml;base64,PHN2ZyB3aWR0aD0iMSIgaGVpZ2h0PSIxIiB4bWxucz0iaHR0cDovL3d3dy53My5vcmcvMjAwMC9zdmciPjwvc3ZnPg==\" \/><\/p>\n<p class=\"wp-caption-text\">Foto: Ascom \/ Botafogo-PB<\/p>\n<\/div>\n<p>\u2013 Estamos em busca disso, de fazer os gols. Consegui fazer o primeiro, \u00e9 importante para mim, mas mais importante \u00e9 conseguir os tr\u00eas pontos. \u00c9 bom para o Botafogo-PB. Estou apto para jogar (contra o Santa Cruz), fiquei o jogo todo (diante da Perilima) e suportei bem. Agora \u00e9 descansar, mas estou bem recuperado. Tenho certeza que faremos um excelente jogo \u2013 garantiu.<\/p>\n<p>O lateral esquerdo F\u00e1bio Alves, que tamb\u00e9m jogou a estreia inteira, fez um alerta para o jogo pelo Nordest\u00e3o. Contra a Perilima, apesar da superioridade no primeiro tempo, o Belo vacilou, tomou um gol e foi para o vesti\u00e1rio com um empate. Para o camisa 6, os erros n\u00e3o podem ser repetidos contra a Cobra Coral.<\/p>\n<p>\u2013 Contra o Santa Cruz \u00e9 um jogo que n\u00e3o podemos errar, eles t\u00eam uma equipe qualificada e se dermos a chance eles v\u00e3o matar. Vamos dar chance zero para eles. Quem estiver melhor vai jogar, o grupo \u00e9 qualificado, o professor vai ver quem est\u00e1 melhor para o jogo e quem entrar vai dar conta do recado. Espero jogar novamente fazer o meu melhor \u2013 disse.<\/p>\n<\/div>\n<p>&nbsp;<\/p>\n<p>Ascom\/Botafogo-PB<\/p>\n","protected":false},"excerpt":{"rendered":"<p>Mal come\u00e7ou a temporada e o Botafogo-PB j\u00e1 vai para sua segunda partida em tr\u00eas dias. Depois de vencer a Perilima por 4 a 1,&hellip; <\/p>\n","protected":false},"author":1,"featured_media":81089,"comment_status":"closed","ping_status":"closed","sticky":false,"template":"","format":"standard","meta":{"sfsi_plus_gutenberg_text_before_share":"","sfsi_plus_gutenberg_show_text_before_share":"","sfsi_plus_gutenberg_icon_type":"","sfsi_plus_gutenberg_icon_alignemt":"","sfsi_plus_gutenburg_max_per_row":"","footnotes":""},"categories":[13],"tags":[],"class_list":["post-81088","post","type-post","status-publish","format-standard","has-post-thumbnail","hentry","category-esportes"],"_links":{"self":[{"href":"https:\/\/www.caririemacao.com\/1\/wp-json\/wp\/v2\/posts\/81088","targetHints":{"allow":["GET"]}}],"collection":[{"href":"https:\/\/www.caririemacao.com\/1\/wp-json\/wp\/v2\/posts"}],"about":[{"href":"https:\/\/www.caririemacao.com\/1\/wp-json\/wp\/v2\/types\/post"}],"author":[{"embeddable":true,"href":"https:\/\/www.caririemacao.com\/1\/wp-json\/wp\/v2\/users\/1"}],"replies":[{"embeddable":true,"href":"https:\/\/www.caririemacao.com\/1\/wp-json\/wp\/v2\/comments?post=81088"}],"version-history":[{"count":1,"href":"https:\/\/www.caririemacao.com\/1\/wp-json\/wp\/v2\/posts\/81088\/revisions"}],"predecessor-version":[{"id":81090,"href":"https:\/\/www.caririemacao.com\/1\/wp-json\/wp\/v2\/posts\/81088\/revisions\/81090"}],"wp:featuredmedia":[{"embeddable":true,"href":"https:\/\/www.caririemacao.com\/1\/wp-json\/wp\/v2\/media\/81089"}],"wp:attachment":[{"href":"https:\/\/www.caririemacao.com\/1\/wp-json\/wp\/v2\/media?parent=81088"}],"wp:term":[{"taxonomy":"category","embeddable":true,"href":"https:\/\/www.caririemacao.com\/1\/wp-json\/wp\/v2\/categories?post=81088"},{"taxonomy":"post_tag","embeddable":true,"href":"https:\/\/www.caririemacao.com\/1\/wp-json\/wp\/v2\/tags?post=81088"}],"curies":[{"name":"wp","href":"https:\/\/api.w.org\/{rel}","templated":true}]}}